{"id":236838,"date":"2025-11-30T14:50:12","date_gmt":"2025-11-30T21:50:12","guid":{"rendered":"https:\/\/rnoticias.com.mx\/Portal\/?p=236838"},"modified":"2025-11-30T14:50:12","modified_gmt":"2025-11-30T21:50:12","slug":"con-la-lucha-de-las-mujeres-regresaran-a-sonora-los-buenos-gobiernos-del-pri-lupita-soto","status":"publish","type":"post","link":"https:\/\/rnoticias.com.mx\/Portal\/2025\/11\/30\/con-la-lucha-de-las-mujeres-regresaran-a-sonora-los-buenos-gobiernos-del-pri-lupita-soto\/","title":{"rendered":"Con la lucha de las mujeres, regresar\u00e1n a Sonora los buenos gobiernos del PRI: Lupita Soto"},"content":{"rendered":"<p>Hermosillo, Sonora; 30 de noviembre.- La lucha hist\u00f3rica que las mujeres priistas tuvieron que dar para lograr espacios, es la que en 2027 har\u00e1 que regresen los buenos gobiernos del PRI, dijo Lupita Soto al reconocer a mujeres con m\u00e1s de 40 a\u00f1os de militancia tricolor.<\/p>\n<p>En un evento que reuni\u00f3 a militantes de todo el estado, la Presidenta del Comit\u00e9 Directivo Estatal del PRI agradeci\u00f3 su esfuerzo y sacrificio en tiempos pasados para que hoy, miles de mujeres priistas puedan ser parte del partido y de gobiernos.<\/p>\n<p>\u201cUstedes son quienes con todo en contra echaron mano de esa fuerza interna, la que solo se encuentra en el fondo del coraz\u00f3n y le dieron ra\u00edces a la lucha por la igualdad de g\u00e9nero. Y esas ra\u00edces son las que hoy nos levantan para seguir luchando\u201d, exclam\u00f3 Soto Holgu\u00edn.<\/p>\n<p>Entre las homenajeadas se encuentran funcionarias, emprendedoras, representantes populares, dirigentes priistas, l\u00edderes de colonias, profesionistas y activistas que tienen m\u00e1s de 40 a\u00f1os de militancia en el PRI.<\/p>\n<p>Aqu\u00ed hay mucha historia, continu\u00f3, construida a trav\u00e9s de a\u00f1os de convicci\u00f3n y trabajo por el partido y porque a nuestras comunidades les vaya mejor. Y eso es justamente lo que vamos a lograr, adelant\u00f3 Soto Holgu\u00edn.<\/p>\n<p>\u201cEn 2027, con su apoyo, regresar\u00e1n los buenos gobiernos del PRI a Sonora, que de eso no quepa duda\u201d, ataj\u00f3 la dirigente tricolor.<\/p>\n<p>Como parte del homenaje, la ex Diputada Federal y consultora Janneth Moreno present\u00f3 su conferencia \u201cMujeres que Lideran, Inspiran y Luchan\u201d, en la que expuso una propuesta de ruta de trabajo para que m\u00e1s y m\u00e1s mujeres se conviertan en l\u00edderes.<\/p>\n","protected":false},"excerpt":{"rendered":"<p>Hermosillo, Sonora; 30 de noviembre.- La lucha hist\u00f3rica que las mujeres priistas tuvieron que dar para lograr espacios, es la que en 2027 har\u00e1 que regresen los buenos gobiernos del PRI, dijo Lupita Soto al reconocer a mujeres con m\u00e1s de 40 a\u00f1os de militancia tricolor. En un evento que reuni\u00f3 a militantes de todo [&hellip;]<\/p>\n","protected":false},"author":2,"featured_media":236839,"comment_status":"closed","ping_status":"closed","sticky":false,"template":"","format":"standard","meta":{"footnotes":""},"categories":[12870,12868],"tags":[12865,12879],"class_list":["post-236838","post","type-post","status-publish","format-standard","has-post-thumbnail","hentry","category-destacadas","category-politica","tag-destacadas","tag-politica"],"jetpack_featured_media_url":"https:\/\/rnoticias.com.mx\/Portal\/wp-content\/uploads\/2025\/11\/caaf3dce-4dd2-4919-9449-ed3bca04f071.jpeg","amp_enabled":true,"_links":{"self":[{"href":"https:\/\/rnoticias.com.mx\/Portal\/wp-json\/wp\/v2\/posts\/236838","targetHints":{"allow":["GET"]}}],"collection":[{"href":"https:\/\/rnoticias.com.mx\/Portal\/wp-json\/wp\/v2\/posts"}],"about":[{"href":"https:\/\/rnoticias.com.mx\/Portal\/wp-json\/wp\/v2\/types\/post"}],"author":[{"embeddable":true,"href":"https:\/\/rnoticias.com.mx\/Portal\/wp-json\/wp\/v2\/users\/2"}],"replies":[{"embeddable":true,"href":"https:\/\/rnoticias.com.mx\/Portal\/wp-json\/wp\/v2\/comments?post=236838"}],"version-history":[{"count":1,"href":"https:\/\/rnoticias.com.mx\/Portal\/wp-json\/wp\/v2\/posts\/236838\/revisions"}],"predecessor-version":[{"id":236840,"href":"https:\/\/rnoticias.com.mx\/Portal\/wp-json\/wp\/v2\/posts\/236838\/revisions\/236840"}],"wp:featuredmedia":[{"embeddable":true,"href":"https:\/\/rnoticias.com.mx\/Portal\/wp-json\/wp\/v2\/media\/236839"}],"wp:attachment":[{"href":"https:\/\/rnoticias.com.mx\/Portal\/wp-json\/wp\/v2\/media?parent=236838"}],"wp:term":[{"taxonomy":"category","embeddable":true,"href":"https:\/\/rnoticias.com.mx\/Portal\/wp-json\/wp\/v2\/categories?post=236838"},{"taxonomy":"post_tag","embeddable":true,"href":"https:\/\/rnoticias.com.mx\/Portal\/wp-json\/wp\/v2\/tags?post=236838"}],"curies":[{"name":"wp","href":"https:\/\/api.w.org\/{rel}","templated":true}]}}