{"id":236835,"date":"2025-11-30T14:42:05","date_gmt":"2025-11-30T21:42:05","guid":{"rendered":"https:\/\/rnoticias.com.mx\/Portal\/?p=236835"},"modified":"2025-11-30T14:42:05","modified_gmt":"2025-11-30T21:42:05","slug":"invitan-a-personas-mayores-de-55-anos-a-incorporarse-al-programa-huellas-mayores","status":"publish","type":"post","link":"https:\/\/rnoticias.com.mx\/Portal\/2025\/11\/30\/invitan-a-personas-mayores-de-55-anos-a-incorporarse-al-programa-huellas-mayores\/","title":{"rendered":"Invitan a personas mayores de 55 a\u00f1os a incorporarse al programa \u201cHuellas Mayores\u201d"},"content":{"rendered":"<p>Hermosillo, Sonora; 30 de noviembre, 2025.- El Ayuntamiento de Hermosillo a trav\u00e9s de DIF Municipal y la cadena OXXO se aliaron para ofrecer sin costo a personas mayores de 55 a\u00f1os actividades de desarrollo personal y capacitaci\u00f3n que iniciar\u00e1n el 6 de enero de 2026.<\/p>\n<p>Quienes tengan inter\u00e9s de beneficiarse con este modelo de atenci\u00f3n, que tendr\u00e1 lugar en el Centro de la Familia de la colonia Las Minitas, ya pueden inscribirse a trav\u00e9s del n\u00famero telef\u00f3nico 6621 07 96 35 y asegurarse un lugar en el programa, el cual tendr\u00e1 cupo limitado. La fecha l\u00edmite para el registro es el 16 de diciembre pr\u00f3ximo.<\/p>\n<p>\u201cHuellas Mayores\u201d pondr\u00e1 a disposici\u00f3n de las y los participantes cursos de Computaci\u00f3n, Manualidades, Tecnolog\u00eda, Reposter\u00eda y Dibujo, adem\u00e1s de m\u00fasica, baile y convivencia plena de calidez humana.<\/p>\n<p>Las actividades se desarrollar\u00e1n espec\u00edficamente los martes 6, jueves, 8, lunes 12, mi\u00e9rcoles 14 y viernes 16 de enero de 2026, de las 9:00 horas a las 12:15 horas.<\/p>\n<p>El Centro de la Familia Las Minitas de DIF Hermosillo se ubica sobre el bulevar Las Quintas, esquina con Casimiro Estrada Bustamante.<\/p>\n","protected":false},"excerpt":{"rendered":"<p>Hermosillo, Sonora; 30 de noviembre, 2025.- El Ayuntamiento de Hermosillo a trav\u00e9s de DIF Municipal y la cadena OXXO se aliaron para ofrecer sin costo a personas mayores de 55 a\u00f1os actividades de desarrollo personal y capacitaci\u00f3n que iniciar\u00e1n el 6 de enero de 2026. Quienes tengan inter\u00e9s de beneficiarse con este modelo de atenci\u00f3n, [&hellip;]<\/p>\n","protected":false},"author":2,"featured_media":236836,"comment_status":"closed","ping_status":"closed","sticky":false,"template":"","format":"standard","meta":{"footnotes":""},"categories":[12870,178],"tags":[12865,12869],"class_list":["post-236835","post","type-post","status-publish","format-standard","has-post-thumbnail","hentry","category-destacadas","category-local","tag-destacadas","tag-local"],"jetpack_featured_media_url":"https:\/\/rnoticias.com.mx\/Portal\/wp-content\/uploads\/2025\/11\/4442e136-bf2c-4910-b2f2-e79e58cdfd0d.jpeg","amp_enabled":true,"_links":{"self":[{"href":"https:\/\/rnoticias.com.mx\/Portal\/wp-json\/wp\/v2\/posts\/236835","targetHints":{"allow":["GET"]}}],"collection":[{"href":"https:\/\/rnoticias.com.mx\/Portal\/wp-json\/wp\/v2\/posts"}],"about":[{"href":"https:\/\/rnoticias.com.mx\/Portal\/wp-json\/wp\/v2\/types\/post"}],"author":[{"embeddable":true,"href":"https:\/\/rnoticias.com.mx\/Portal\/wp-json\/wp\/v2\/users\/2"}],"replies":[{"embeddable":true,"href":"https:\/\/rnoticias.com.mx\/Portal\/wp-json\/wp\/v2\/comments?post=236835"}],"version-history":[{"count":1,"href":"https:\/\/rnoticias.com.mx\/Portal\/wp-json\/wp\/v2\/posts\/236835\/revisions"}],"predecessor-version":[{"id":236837,"href":"https:\/\/rnoticias.com.mx\/Portal\/wp-json\/wp\/v2\/posts\/236835\/revisions\/236837"}],"wp:featuredmedia":[{"embeddable":true,"href":"https:\/\/rnoticias.com.mx\/Portal\/wp-json\/wp\/v2\/media\/236836"}],"wp:attachment":[{"href":"https:\/\/rnoticias.com.mx\/Portal\/wp-json\/wp\/v2\/media?parent=236835"}],"wp:term":[{"taxonomy":"category","embeddable":true,"href":"https:\/\/rnoticias.com.mx\/Portal\/wp-json\/wp\/v2\/categories?post=236835"},{"taxonomy":"post_tag","embeddable":true,"href":"https:\/\/rnoticias.com.mx\/Portal\/wp-json\/wp\/v2\/tags?post=236835"}],"curies":[{"name":"wp","href":"https:\/\/api.w.org\/{rel}","templated":true}]}}