{"id":236826,"date":"2025-11-30T14:34:24","date_gmt":"2025-11-30T21:34:24","guid":{"rendered":"https:\/\/rnoticias.com.mx\/Portal\/?p=236826"},"modified":"2025-11-30T14:34:24","modified_gmt":"2025-11-30T21:34:24","slug":"espana-busca-retirar-ultraprocesados-de-la-alimentacion-infantil-en-los-hospitales","status":"publish","type":"post","link":"https:\/\/rnoticias.com.mx\/Portal\/2025\/11\/30\/espana-busca-retirar-ultraprocesados-de-la-alimentacion-infantil-en-los-hospitales\/","title":{"rendered":"Espa\u00f1a busca retirar ultraprocesados de la alimentaci\u00f3n infantil en los hospitales"},"content":{"rendered":"<p><mark><strong>El Gobierno espa\u00f1ol se plantea retirar los alimentos ultraprocesados de los men\u00fas de los ni\u00f1os y adolescentes ingresados en hospitales,\u00a0<\/strong><\/mark>as\u00ed como en residencias de personas mayores, seg\u00fan avanz\u00f3 esta semana el ministro de Derechos Sociales, Consumo y Agenda 2030, Pablo Bustinduy.<\/p>\n<p><strong>El ministro a\u00f1adi\u00f3 que esta norma -a\u00fan en desarrollo- retirar\u00e1 tambi\u00e9n los ultraprocesados de los men\u00fas infantiles de cafeter\u00edas y comedores abiertos al p\u00fablico en estos centros.<\/strong><\/p>\n<p><strong>&#8220;El consumo creciente de estos alimentos representa una amenaza sistem\u00e1tica para la salud p\u00fablica, la equidad y la sostenibilidad ambiental&#8221;<\/strong>, remarc\u00f3 Bustinduy, quien considera que esta norma supone un paso m\u00e1s para garantizar una alimentaci\u00f3n saludable en la infancia.<\/p>\n<p><mark><strong>Los alimentos ultraprocesados que se ver\u00e1n limitados, seg\u00fan informa el Ministerio de Consumo, ser\u00e1n aquellos productos de &#8220;formulaci\u00f3n industrial compleja&#8221;<\/strong>,<\/mark>\u00a0con ingredientes aditivos y con alto contenido en grasas saturadas, az\u00facares o sal, como determinados &#8216;snacks&#8217;, boller\u00eda industrial, bebidas azucaradas o galletas industriales.<\/p>\n<p>El ministro destac\u00f3 que este real decreto, cuyo contenido -precis\u00f3- se conocer\u00e1 en las pr\u00f3ximas semanas, viene precedido de estudios internacionales que identifican el &#8220;crecimiento exponencial&#8221;\u00a0<strong>de la presencia de los ultraprocesados en las dietas como una &#8220;amenaza&#8221; a la salud p\u00fablica global.<\/strong><\/p>\n<p>En este sentido, record\u00f3 que este a\u00f1o se aprob\u00f3 en Espa\u00f1a el real decreto de comedores escolares saludables y sostenibles, que entra en vigor este curso y que garantiza el acceso a cinco comidas saludables a la semana\u00a0<mark><strong>a todos los ni\u00f1os y adolescentes, y limita, por tanto, fritos, ultraprocesados, bebidas azucaradas y boller\u00eda industrial.<\/strong><\/mark><\/p>\n<p><strong>El ministro, que asisti\u00f3 al acto &#8216;Plan de Aceleraci\u00f3n de la OMS para detener la Obesidad&#8217;,\u00a0<\/strong>celebr\u00f3 tambi\u00e9n la reducci\u00f3n de cuatro puntos y medio en la prevalencia del exceso de peso en la poblaci\u00f3n infantil en Espa\u00f1a, aunque subray\u00f3 que persiste una importante brecha de vulnerabilidad socioecon\u00f3mica.<\/p>\n<p><strong>&#8220;Entre las familias con ingresos inferiores a 18 mil euros brutos anuales, la prevalencia del exceso de peso es de un 48 %, mientras que las familias con ingresos de m\u00e1s de 30 mil euros,\u00a0<\/strong>el porcentaje es del 29 %&#8221;, revel\u00f3 el ministro, quien lament\u00f3 que el entorno en el que se nace est\u00e9 actuando como un &#8220;determinante&#8221; del desarrollo de las oportunidades de los ni\u00f1os.<\/p>\n","protected":false},"excerpt":{"rendered":"<p>El Gobierno espa\u00f1ol se plantea retirar los alimentos ultraprocesados de los men\u00fas de los ni\u00f1os y adolescentes ingresados en hospitales,\u00a0as\u00ed como en residencias de personas mayores, seg\u00fan avanz\u00f3 esta semana el ministro de Derechos Sociales, Consumo y Agenda 2030, Pablo Bustinduy. El ministro a\u00f1adi\u00f3 que esta norma -a\u00fan en desarrollo- retirar\u00e1 tambi\u00e9n los ultraprocesados de [&hellip;]<\/p>\n","protected":false},"author":2,"featured_media":236827,"comment_status":"closed","ping_status":"closed","sticky":false,"template":"","format":"standard","meta":{"footnotes":""},"categories":[12870,182],"tags":[12865,12871],"class_list":["post-236826","post","type-post","status-publish","format-standard","has-post-thumbnail","hentry","category-destacadas","category-internacional","tag-destacadas","tag-internacional"],"jetpack_featured_media_url":"https:\/\/rnoticias.com.mx\/Portal\/wp-content\/uploads\/2025\/11\/2025112618225275685.webp","amp_enabled":true,"_links":{"self":[{"href":"https:\/\/rnoticias.com.mx\/Portal\/wp-json\/wp\/v2\/posts\/236826","targetHints":{"allow":["GET"]}}],"collection":[{"href":"https:\/\/rnoticias.com.mx\/Portal\/wp-json\/wp\/v2\/posts"}],"about":[{"href":"https:\/\/rnoticias.com.mx\/Portal\/wp-json\/wp\/v2\/types\/post"}],"author":[{"embeddable":true,"href":"https:\/\/rnoticias.com.mx\/Portal\/wp-json\/wp\/v2\/users\/2"}],"replies":[{"embeddable":true,"href":"https:\/\/rnoticias.com.mx\/Portal\/wp-json\/wp\/v2\/comments?post=236826"}],"version-history":[{"count":1,"href":"https:\/\/rnoticias.com.mx\/Portal\/wp-json\/wp\/v2\/posts\/236826\/revisions"}],"predecessor-version":[{"id":236828,"href":"https:\/\/rnoticias.com.mx\/Portal\/wp-json\/wp\/v2\/posts\/236826\/revisions\/236828"}],"wp:featuredmedia":[{"embeddable":true,"href":"https:\/\/rnoticias.com.mx\/Portal\/wp-json\/wp\/v2\/media\/236827"}],"wp:attachment":[{"href":"https:\/\/rnoticias.com.mx\/Portal\/wp-json\/wp\/v2\/media?parent=236826"}],"wp:term":[{"taxonomy":"category","embeddable":true,"href":"https:\/\/rnoticias.com.mx\/Portal\/wp-json\/wp\/v2\/categories?post=236826"},{"taxonomy":"post_tag","embeddable":true,"href":"https:\/\/rnoticias.com.mx\/Portal\/wp-json\/wp\/v2\/tags?post=236826"}],"curies":[{"name":"wp","href":"https:\/\/api.w.org\/{rel}","templated":true}]}}