{"id":236817,"date":"2025-11-30T14:30:34","date_gmt":"2025-11-30T21:30:34","guid":{"rendered":"https:\/\/rnoticias.com.mx\/Portal\/?p=236817"},"modified":"2025-11-30T14:30:34","modified_gmt":"2025-11-30T21:30:34","slug":"cae-hijo-del-exlider-del-cartel-beltran-leyva-tras-operativo-de-marina","status":"publish","type":"post","link":"https:\/\/rnoticias.com.mx\/Portal\/2025\/11\/30\/cae-hijo-del-exlider-del-cartel-beltran-leyva-tras-operativo-de-marina\/","title":{"rendered":"Cae hijo del exl\u00edder del C\u00e1rtel Beltr\u00e1n Leyva tras operativo de Marina"},"content":{"rendered":"<p>Este domingo 30 de noviembre, elementos de la\u00a0<mark>Secretar\u00eda de Marina (Semar)<\/mark>, la\u00a0<mark>Secretar\u00eda de Seguridad y Protecci\u00f3n Ciudadana (SSPC)<\/mark>\u00a0y la\u00a0<mark>Fiscal\u00eda General de la Rep\u00fablica (FGR)<\/mark>\u00a0ejecutaron dos cateos en domicilios asociados a\u00a0<mark>Pedro Inzunza Coronel, alias \u201cPich\u00f3n\u201d<\/mark>, perteneciente a la facci\u00f3n del \u201c<mark>Chapo Isidro<\/mark>\u201d, en Sinaloa.<\/p>\n<p>Los efectivos navales, al realizar recorridos de seguridad, fueron agredidos con disparos de arma de fuego, por lo que, al ver en peligro su vida, repelieron la agresi\u00f3n y controlaron la situaci\u00f3n.<\/p>\n<p>Como resultado, fueron detenidos\u00a0<mark>Adelemo P\u00e9rez Hern\u00e1ndez, alias \u201cLemu\u201d<\/mark>, identificado como operador log\u00edstico, y\u00a0<mark>Miguel \u00c1ngel Villalba Castillo<\/mark>, sicario de la c\u00e9lula criminal; en tanto,\u00a0<mark><strong>Pedro Inzunza Coronel, l\u00edder de la c\u00e9lula, perdi\u00f3 la vida.<\/strong><\/mark><\/p>\n<div class=\" b2\"><\/div>\n<p>En los inmuebles cateados, ubicados en Guasave y Ahome, se aseguraron:<\/p>\n<ul>\n<li>Dos armas de fuego<\/li>\n<li>Cuatro veh\u00edculos<\/li>\n<li>Dos tel\u00e9fonos celulares<\/li>\n<\/ul>\n<p>Se ubicaron, adem\u00e1s,\u00a0<strong>dos laboratorios clandestinos<\/strong>\u00a0para la producci\u00f3n de drogas sint\u00e9ticas, donde se asegur\u00f3:<\/p>\n<ul>\n<li>Un fusil<\/li>\n<li>Cartuchos<\/li>\n<li>Una camioneta<\/li>\n<li>Mil 425 kilos de cristal<\/li>\n<li>Un kilo de fentanilo<\/li>\n<li>600 litros de precursores qu\u00edmicos<\/li>\n<li>Un reactor<\/li>\n<li>Diferentes recipientes<\/li>\n<\/ul>\n<h3><\/h3>\n<h2>Harfuch reporta desde sus redes sociales<\/h2>\n<p>El titular de la SSPC public\u00f3 este logro del Gobierno de M\u00e9xico desde su cuenta de X.<\/p>\n<p>&#8220;<mark>En una operaci\u00f3n encabezada por la Secretar\u00eda de Marina, mediante labores de investigaci\u00f3n, se ubicaron inmuebles y laboratorios donde se aseguraron armas, veh\u00edculos, drogas, precursores qu\u00edmicos, se detuvieron a dos operadores de esta c\u00e9lula delictiva y, al agredir al personal naval, perdi\u00f3 la vida Pedro \u2018N\u2019 Pich\u00f3n quien contaba con orden de extradici\u00f3n solicitada por la Corte Federal de Distrito para el Distrito Sur de California por los delitos de asociaci\u00f3n delictuosa para importaci\u00f3n y distribuci\u00f3n de Fentanilo y coca\u00edna<\/mark>&#8220;, se lee en su publicaci\u00f3n.<\/p>\n<p>Cabe mencionar que, en mayo de 2025, el Departamento de Justicia de los Estados Unidos realiz\u00f3 una acusaci\u00f3n formal por \u201c<mark>narcoterrorismo<\/mark>\u201d contra\u00a0<mark>Pedro Inzunza Noriega, alias \u201cSagitario\u201d<\/mark>, exl\u00edder del C\u00e1rtel Beltr\u00e1n Leyva, y su hijo, Pedro Inzunza Coronel, alias \u201cPich\u00f3n\u201d.<\/p>\n<p>La acusaci\u00f3n se\u00f1ala que, por los delitos de narcoterrorismo, los Inzunza pueden ser condenados a cadena perpetua, con cumplimiento m\u00ednimo de 20 a\u00f1os en prisi\u00f3n, adem\u00e1s de una multa de 20 millones de d\u00f3lares.<\/p>\n","protected":false},"excerpt":{"rendered":"<p>Este domingo 30 de noviembre, elementos de la\u00a0Secretar\u00eda de Marina (Semar), la\u00a0Secretar\u00eda de Seguridad y Protecci\u00f3n Ciudadana (SSPC)\u00a0y la\u00a0Fiscal\u00eda General de la Rep\u00fablica (FGR)\u00a0ejecutaron dos cateos en domicilios asociados a\u00a0Pedro Inzunza Coronel, alias \u201cPich\u00f3n\u201d, perteneciente a la facci\u00f3n del \u201cChapo Isidro\u201d, en Sinaloa. Los efectivos navales, al realizar recorridos de seguridad, fueron agredidos con disparos [&hellip;]<\/p>\n","protected":false},"author":2,"featured_media":236818,"comment_status":"closed","ping_status":"closed","sticky":false,"template":"","format":"standard","meta":{"footnotes":""},"categories":[12870,172],"tags":[12865,12874],"class_list":["post-236817","post","type-post","status-publish","format-standard","has-post-thumbnail","hentry","category-destacadas","category-nacional","tag-destacadas","tag-nacional"],"jetpack_featured_media_url":"https:\/\/rnoticias.com.mx\/Portal\/wp-content\/uploads\/2025\/11\/image-197.png","amp_enabled":true,"_links":{"self":[{"href":"https:\/\/rnoticias.com.mx\/Portal\/wp-json\/wp\/v2\/posts\/236817","targetHints":{"allow":["GET"]}}],"collection":[{"href":"https:\/\/rnoticias.com.mx\/Portal\/wp-json\/wp\/v2\/posts"}],"about":[{"href":"https:\/\/rnoticias.com.mx\/Portal\/wp-json\/wp\/v2\/types\/post"}],"author":[{"embeddable":true,"href":"https:\/\/rnoticias.com.mx\/Portal\/wp-json\/wp\/v2\/users\/2"}],"replies":[{"embeddable":true,"href":"https:\/\/rnoticias.com.mx\/Portal\/wp-json\/wp\/v2\/comments?post=236817"}],"version-history":[{"count":1,"href":"https:\/\/rnoticias.com.mx\/Portal\/wp-json\/wp\/v2\/posts\/236817\/revisions"}],"predecessor-version":[{"id":236819,"href":"https:\/\/rnoticias.com.mx\/Portal\/wp-json\/wp\/v2\/posts\/236817\/revisions\/236819"}],"wp:featuredmedia":[{"embeddable":true,"href":"https:\/\/rnoticias.com.mx\/Portal\/wp-json\/wp\/v2\/media\/236818"}],"wp:attachment":[{"href":"https:\/\/rnoticias.com.mx\/Portal\/wp-json\/wp\/v2\/media?parent=236817"}],"wp:term":[{"taxonomy":"category","embeddable":true,"href":"https:\/\/rnoticias.com.mx\/Portal\/wp-json\/wp\/v2\/categories?post=236817"},{"taxonomy":"post_tag","embeddable":true,"href":"https:\/\/rnoticias.com.mx\/Portal\/wp-json\/wp\/v2\/tags?post=236817"}],"curies":[{"name":"wp","href":"https:\/\/api.w.org\/{rel}","templated":true}]}}