{"id":236814,"date":"2025-11-30T14:26:52","date_gmt":"2025-11-30T21:26:52","guid":{"rendered":"https:\/\/rnoticias.com.mx\/Portal\/?p=236814"},"modified":"2025-11-30T14:26:52","modified_gmt":"2025-11-30T21:26:52","slug":"lopez-obrador-reaparece-para-presentar-su-nuevo-libro-grandeza","status":"publish","type":"post","link":"https:\/\/rnoticias.com.mx\/Portal\/2025\/11\/30\/lopez-obrador-reaparece-para-presentar-su-nuevo-libro-grandeza\/","title":{"rendered":"L\u00f3pez Obrador reaparece para presentar su nuevo libro &#8220;Grandeza&#8221;"},"content":{"rendered":"<p><mark><strong>El expresidente de M\u00e9xico Andr\u00e9s Manuel L\u00f3pez Obrador reapareci\u00f3 en la escena p\u00fablica a trav\u00e9s de sus redes sociales para anunciar la publicaci\u00f3n de su nuevo libro \u201cGrandeza\u201d,<\/strong><\/mark>\u00a0esto tras dejar la presidencia de la Rep\u00fablica y retirarse a su finca en Palenque, Chiapas.<\/p>\n<p><strong>A trav\u00e9s de un mensaje, L\u00f3pez Obrador explic\u00f3 que el prop\u00f3sito de la obra est\u00e1 centrado en la reivindicaci\u00f3n de los pueblos originarios de M\u00e9xico.<\/strong><\/p>\n<p><strong>Se\u00f1al\u00f3 que el libro busca reconocer la \u201ccivilizaci\u00f3n negada\u201d, concepto del antrop\u00f3logo Guillermo Bonfil Batalla,<\/strong> y subray\u00f3 que gracias a ese legado cultural, M\u00e9xico sigue siendo una potencia en el mundo.<\/p>\n<p><mark><strong>\u201cSe trata de reivindicar a los pueblos originarios del M\u00e9xico antiguo [\u2026]. A ustedes env\u00edo un abrazo con todo mi coraz\u00f3n\u201d,<\/strong><\/mark>\u00a0expres\u00f3 el exmandatario en su publicaci\u00f3n.<\/p>\n<p>&nbsp;<\/p>\n<h2>Sheinbaum adelant\u00f3 libro de L\u00f3pez Obrador<\/h2>\n<p><mark><strong>La Presidenta Claudia Sheinbaum Pardo inform\u00f3 en d\u00edas pasados que el expresidente Andr\u00e9s Manuel L\u00f3pez Obrador publicar\u00eda un nuevo libro \u201cpronto\u201d.<\/strong><\/mark><\/p>\n<p><strong>\u201cPrimero, s\u00ed es cierto que ya va a salir su libro pronto, eso s\u00ed nos platicaron\u201d,<\/strong>\u00a0se\u00f1al\u00f3.<\/p>\n<p><strong>\u201c\u00bfCu\u00e1ndo?\u201d, se le pregunt\u00f3.<\/strong><\/p>\n<p><mark><strong>\u201cNo s\u00e9, no s\u00e9 exactamente. Lo que s\u00ed s\u00e9 es que sale este a\u00f1o su libro\u201d,<\/strong><\/mark>\u00a0respondi\u00f3 Sheinbaum.<\/p>\n<p><strong>La Presidenta explic\u00f3, en tono distendido, que la informaci\u00f3n le lleg\u00f3 de manera indirecta.<\/strong><\/p>\n<p><strong>\u201c\u00bfQui\u00e9n me platic\u00f3? Un pajarito, no\u2026 la esposa del Presidente L\u00f3pez Obrador, Beatriz, le platic\u00f3 a una amiga,<\/strong>\u00a0y una amiga me platic\u00f3. As\u00ed fue, la amiga de la amiga\u201d, dijo entre risas la Mandataria.<\/p>\n","protected":false},"excerpt":{"rendered":"<p>El expresidente de M\u00e9xico Andr\u00e9s Manuel L\u00f3pez Obrador reapareci\u00f3 en la escena p\u00fablica a trav\u00e9s de sus redes sociales para anunciar la publicaci\u00f3n de su nuevo libro \u201cGrandeza\u201d,\u00a0esto tras dejar la presidencia de la Rep\u00fablica y retirarse a su finca en Palenque, Chiapas. A trav\u00e9s de un mensaje, L\u00f3pez Obrador explic\u00f3 que el prop\u00f3sito de [&hellip;]<\/p>\n","protected":false},"author":2,"featured_media":236815,"comment_status":"closed","ping_status":"closed","sticky":false,"template":"","format":"standard","meta":{"footnotes":""},"categories":[12870,12868],"tags":[12865,12879],"class_list":["post-236814","post","type-post","status-publish","format-standard","has-post-thumbnail","hentry","category-destacadas","category-politica","tag-destacadas","tag-politica"],"jetpack_featured_media_url":"https:\/\/rnoticias.com.mx\/Portal\/wp-content\/uploads\/2025\/11\/amlo-presenta-su-libro-grandeza.jpg","amp_enabled":true,"_links":{"self":[{"href":"https:\/\/rnoticias.com.mx\/Portal\/wp-json\/wp\/v2\/posts\/236814","targetHints":{"allow":["GET"]}}],"collection":[{"href":"https:\/\/rnoticias.com.mx\/Portal\/wp-json\/wp\/v2\/posts"}],"about":[{"href":"https:\/\/rnoticias.com.mx\/Portal\/wp-json\/wp\/v2\/types\/post"}],"author":[{"embeddable":true,"href":"https:\/\/rnoticias.com.mx\/Portal\/wp-json\/wp\/v2\/users\/2"}],"replies":[{"embeddable":true,"href":"https:\/\/rnoticias.com.mx\/Portal\/wp-json\/wp\/v2\/comments?post=236814"}],"version-history":[{"count":1,"href":"https:\/\/rnoticias.com.mx\/Portal\/wp-json\/wp\/v2\/posts\/236814\/revisions"}],"predecessor-version":[{"id":236816,"href":"https:\/\/rnoticias.com.mx\/Portal\/wp-json\/wp\/v2\/posts\/236814\/revisions\/236816"}],"wp:featuredmedia":[{"embeddable":true,"href":"https:\/\/rnoticias.com.mx\/Portal\/wp-json\/wp\/v2\/media\/236815"}],"wp:attachment":[{"href":"https:\/\/rnoticias.com.mx\/Portal\/wp-json\/wp\/v2\/media?parent=236814"}],"wp:term":[{"taxonomy":"category","embeddable":true,"href":"https:\/\/rnoticias.com.mx\/Portal\/wp-json\/wp\/v2\/categories?post=236814"},{"taxonomy":"post_tag","embeddable":true,"href":"https:\/\/rnoticias.com.mx\/Portal\/wp-json\/wp\/v2\/tags?post=236814"}],"curies":[{"name":"wp","href":"https:\/\/api.w.org\/{rel}","templated":true}]}}