{"id":236651,"date":"2025-11-28T18:44:18","date_gmt":"2025-11-29T01:44:18","guid":{"rendered":"https:\/\/rnoticias.com.mx\/Portal\/?p=236651"},"modified":"2025-11-28T18:44:18","modified_gmt":"2025-11-29T01:44:18","slug":"concluye-congreso-de-sonora-foros-de-consulta-en-materia-de-inclusion-politica","status":"publish","type":"post","link":"https:\/\/rnoticias.com.mx\/Portal\/2025\/11\/28\/concluye-congreso-de-sonora-foros-de-consulta-en-materia-de-inclusion-politica\/","title":{"rendered":"Concluye Congreso de Sonora foros de consulta en materia de inclusi\u00f3n pol\u00edtica"},"content":{"rendered":"<p>Nogales, Sonora; 28 de noviembre de 2025.- Con el compromiso de fortalecer el di\u00e1logo y la participaci\u00f3n en torno a la iniciativa de reforma que busca proteger el pleno ejercicio de los derechos pol\u00edtico-electorales de las personas con discapacidad, el Congreso del Estado celebr\u00f3 el tercer y \u00faltimo foro de consulta correspondiente a la regi\u00f3n norte de la entidad.<\/p>\n<p>En el foro estuvieron presentes los diputados Mar\u00eda Eduwiges Espinoza Tapia y Julio C\u00e9sar Navarro Contreras, ambos integrantes del Grupo Parlamentario de Morena y proponentes de la iniciativa; Hip\u00f3lito Sedano Ruiz, secretario del Ayuntamiento de Nogales; as\u00ed como la diputada Marcela Valenzuela Nevarez (Morena) e integrantes del Ayuntamiento.<\/p>\n<p>La iniciativa en an\u00e1lisis propone reformas tanto a la Constituci\u00f3n Pol\u00edtica del Estado como a la Ley de Instituciones y Procedimientos Electorales, con el prop\u00f3sito de que los partidos pol\u00edticos tengan la obligaci\u00f3n de postular, de manera real, efectiva y con pleno respeto a los derechos humanos, f\u00f3rmulas o planillas integradas por personas con discapacidad.<\/p>\n<p>Estas modificaciones buscan generar condiciones que faciliten su participaci\u00f3n en los procesos electorales municipales y en la integraci\u00f3n del Congreso del Estado, fortaleciendo as\u00ed una representaci\u00f3n m\u00e1s amplia y diversa en la toma de decisiones p\u00fablicas.<\/p>\n<p>Representantes de organizaciones de la sociedad civil, as\u00ed como personas de la ciudadan\u00eda interesadas en el tema, asistieron a este tercer foro, en el que pudieron conocer a detalle la iniciativa. Durante su participaci\u00f3n, coincidieron en la importancia de realizar este tipo de ejercicios, ya que permiten que sus opiniones, observaciones y propuestas sean tomadas en cuenta.<\/p>\n<p>Entre los planteamientos expuestos, se se\u00f1al\u00f3 la importancia de que las personas que participen en los procesos de elecci\u00f3n cuenten con la preparaci\u00f3n acad\u00e9mica necesaria para asumir dichas responsabilidades. Adem\u00e1s, se compartieron comentarios relacionados con la necesidad de garantizar condiciones que favorezcan la participaci\u00f3n plena y efectiva de las personas con discapacidad.<\/p>\n<p>Este foro se suma a los ejercicios realizados previamente en Hermosillo y Ciudad Obreg\u00f3n.<\/p>\n","protected":false},"excerpt":{"rendered":"<p>Nogales, Sonora; 28 de noviembre de 2025.- Con el compromiso de fortalecer el di\u00e1logo y la participaci\u00f3n en torno a la iniciativa de reforma que busca proteger el pleno ejercicio de los derechos pol\u00edtico-electorales de las personas con discapacidad, el Congreso del Estado celebr\u00f3 el tercer y \u00faltimo foro de consulta correspondiente a la regi\u00f3n [&hellip;]<\/p>\n","protected":false},"author":2,"featured_media":236652,"comment_status":"closed","ping_status":"closed","sticky":false,"template":"","format":"standard","meta":{"footnotes":""},"categories":[12870,12868],"tags":[12865,12879],"class_list":["post-236651","post","type-post","status-publish","format-standard","has-post-thumbnail","hentry","category-destacadas","category-politica","tag-destacadas","tag-politica"],"jetpack_featured_media_url":"https:\/\/rnoticias.com.mx\/Portal\/wp-content\/uploads\/2025\/11\/822e4549-79a4-42e6-9337-810f9ac41b09.jpeg","amp_enabled":true,"_links":{"self":[{"href":"https:\/\/rnoticias.com.mx\/Portal\/wp-json\/wp\/v2\/posts\/236651","targetHints":{"allow":["GET"]}}],"collection":[{"href":"https:\/\/rnoticias.com.mx\/Portal\/wp-json\/wp\/v2\/posts"}],"about":[{"href":"https:\/\/rnoticias.com.mx\/Portal\/wp-json\/wp\/v2\/types\/post"}],"author":[{"embeddable":true,"href":"https:\/\/rnoticias.com.mx\/Portal\/wp-json\/wp\/v2\/users\/2"}],"replies":[{"embeddable":true,"href":"https:\/\/rnoticias.com.mx\/Portal\/wp-json\/wp\/v2\/comments?post=236651"}],"version-history":[{"count":1,"href":"https:\/\/rnoticias.com.mx\/Portal\/wp-json\/wp\/v2\/posts\/236651\/revisions"}],"predecessor-version":[{"id":236653,"href":"https:\/\/rnoticias.com.mx\/Portal\/wp-json\/wp\/v2\/posts\/236651\/revisions\/236653"}],"wp:featuredmedia":[{"embeddable":true,"href":"https:\/\/rnoticias.com.mx\/Portal\/wp-json\/wp\/v2\/media\/236652"}],"wp:attachment":[{"href":"https:\/\/rnoticias.com.mx\/Portal\/wp-json\/wp\/v2\/media?parent=236651"}],"wp:term":[{"taxonomy":"category","embeddable":true,"href":"https:\/\/rnoticias.com.mx\/Portal\/wp-json\/wp\/v2\/categories?post=236651"},{"taxonomy":"post_tag","embeddable":true,"href":"https:\/\/rnoticias.com.mx\/Portal\/wp-json\/wp\/v2\/tags?post=236651"}],"curies":[{"name":"wp","href":"https:\/\/api.w.org\/{rel}","templated":true}]}}