{"id":236648,"date":"2025-11-28T18:43:31","date_gmt":"2025-11-29T01:43:31","guid":{"rendered":"https:\/\/rnoticias.com.mx\/Portal\/?p=236648"},"modified":"2025-11-28T18:43:31","modified_gmt":"2025-11-29T01:43:31","slug":"la-psicologia-detras-de-fatima-bosch-que-le-da-fortaleza","status":"publish","type":"post","link":"https:\/\/rnoticias.com.mx\/Portal\/2025\/11\/28\/la-psicologia-detras-de-fatima-bosch-que-le-da-fortaleza\/","title":{"rendered":"La psicolog\u00eda detr\u00e1s de F\u00e1tima Bosch que le da fortaleza"},"content":{"rendered":"<p>F\u00e1tima Bosch est\u00e1 en medio de la pol\u00e9mica, pero seg\u00fan expertos, se ha mantenido a flote, pero \u00bfPor qu\u00e9?<\/p>\n<p>Las burlas y ataques que en su ni\u00f1ez experiment\u00f3 F\u00e1tima Bosch a causa de la dislexia y el d\u00e9ficit de atenci\u00f3n que presentaba, han sido punto a favor para que la nueva Miss Universo se muestre fuerte ante las miles de cr\u00edticas de las que ha sido objeto desde el d\u00eda de su coronaci\u00f3n.<\/p>\n<p>Areli Res\u00e9ndiz, acad\u00e9mica e investigadora en el departamento de Psicolog\u00eda de la Universidad Iberoamericana, tiene claro que\u00a0<strong>la modelo tabasque\u00f1a ha proyectado fortaleza gracias al hecho de tener cerca a su familia y a eventos de su pasado<\/strong>.<\/p>\n<p>&#8220;La percibo con mucha fuerza y muy centrada, con valores que la ayudan mucho a enfrentar esta situaci\u00f3n.\u00a0<strong>Algunos eventos de resiliencia tuvieron que haber pasado que le dieron las herramientas para ahora; yo no veo que se vaya a caer&#8221;, comenta la especialista<\/strong>.<\/p>\n<p>&#8220;Si hablamos de lo que ocurre en concursos de belleza anteriores, vemos c\u00f3mo toda esa cr\u00edtica da situaciones en contra de la salud mental, como trastornos alimenticios, y merman la autoestima (en las concursantes).\u00a0<strong>Cualquier persona con menos se afecta, a ella la veo muy fuerte&#8221;, subraya Res\u00e9ndiz<\/strong>.<\/p>\n<p><strong>Bosch, de 24 a\u00f1os, obtuvo el cetro mundial de belleza el pasado jueves en Tailandia y desde entonces su nombre ha estado en el centro de controversias. Usuarios de redes sociales, han escrito que no merec\u00eda ganar, se\u00f1alando el supuesto tr\u00e1fico de influencias de su pap\u00e1 (ejecutivo en Pemex) con el director del concurso (cuya empresa obtuvo contrato con Petr\u00f3leos Mexicanos) y que la corona fue &#8220;comprada&#8221;<\/strong>.<\/p>\n<h2>Con serenidad en redes<\/h2>\n<p>La joven, que tambi\u00e9n fue cuestionada en septiembre cuando gan\u00f3 en el certamen nacional, el cual le dio el pase a Miss Universo, se ha mantenido respetuosa y serena a trav\u00e9s de sus distintos mensajes difundidos en redes sociales.<\/p>\n<p>&#8220;No voy a retroceder, no voy a esconderme y no voy a pedir permiso para brillar. A quienes s\u00ed creen en m\u00ed, a quienes me abrazan con palabras de amor y orgullo, gracias. Su luz me sostiene. Seguir\u00e9 defendiendo a las mujeres, seguir\u00e9 hablando por ellas, seguir\u00e9 luchando por un mundo donde ninguna sea atacada por ser quien es o por atreverse a brillar&#8221;, escribi\u00f3 Bosch.<\/p>\n<p><mark><strong>Res\u00e9ndiz considera que Bosch tiene buen asesoramiento en el tema y por ello est\u00e1 acertando en no hacer caso a lo que se dice de ella en las redes sociales y los medios<\/strong><\/mark>.<\/p>\n<p><strong>&#8220;Si una persona basa su valor en lo que dicen ah\u00ed, puede haber ansiedad, depresi\u00f3n y trauma&#8221;<\/strong>.<\/p>\n<p><mark><strong>La especialista considera que las cr\u00edticas que tanto mujeres como hombres han vertido en contra de Bosch, obedecen a algo cultural<\/strong><\/mark>.<\/p>\n<p>&#8220;Tenemos polarizaci\u00f3n, estamos los que no la queremos o las que nos vemos representados. Si no nos vemos reflejados, si vemos el pelo en la sopa, cualquier cosa vemos mal; pero si nos vemos en ese espejo, es entonces empoderamiento y un modelo a seguir&#8221;, apunta.<\/p>\n","protected":false},"excerpt":{"rendered":"<p>F\u00e1tima Bosch est\u00e1 en medio de la pol\u00e9mica, pero seg\u00fan expertos, se ha mantenido a flote, pero \u00bfPor qu\u00e9? Las burlas y ataques que en su ni\u00f1ez experiment\u00f3 F\u00e1tima Bosch a causa de la dislexia y el d\u00e9ficit de atenci\u00f3n que presentaba, han sido punto a favor para que la nueva Miss Universo se muestre [&hellip;]<\/p>\n","protected":false},"author":2,"featured_media":236649,"comment_status":"closed","ping_status":"closed","sticky":false,"template":"","format":"standard","meta":{"footnotes":""},"categories":[12870,219],"tags":[12865,12875],"class_list":["post-236648","post","type-post","status-publish","format-standard","has-post-thumbnail","hentry","category-destacadas","category-espectaculos","tag-destacadas","tag-espectaculos"],"jetpack_featured_media_url":"https:\/\/rnoticias.com.mx\/Portal\/wp-content\/uploads\/2025\/11\/crop-w478-h319-fatima-c6b484bd-focus-0-0-608-342.webp","amp_enabled":true,"_links":{"self":[{"href":"https:\/\/rnoticias.com.mx\/Portal\/wp-json\/wp\/v2\/posts\/236648","targetHints":{"allow":["GET"]}}],"collection":[{"href":"https:\/\/rnoticias.com.mx\/Portal\/wp-json\/wp\/v2\/posts"}],"about":[{"href":"https:\/\/rnoticias.com.mx\/Portal\/wp-json\/wp\/v2\/types\/post"}],"author":[{"embeddable":true,"href":"https:\/\/rnoticias.com.mx\/Portal\/wp-json\/wp\/v2\/users\/2"}],"replies":[{"embeddable":true,"href":"https:\/\/rnoticias.com.mx\/Portal\/wp-json\/wp\/v2\/comments?post=236648"}],"version-history":[{"count":1,"href":"https:\/\/rnoticias.com.mx\/Portal\/wp-json\/wp\/v2\/posts\/236648\/revisions"}],"predecessor-version":[{"id":236650,"href":"https:\/\/rnoticias.com.mx\/Portal\/wp-json\/wp\/v2\/posts\/236648\/revisions\/236650"}],"wp:featuredmedia":[{"embeddable":true,"href":"https:\/\/rnoticias.com.mx\/Portal\/wp-json\/wp\/v2\/media\/236649"}],"wp:attachment":[{"href":"https:\/\/rnoticias.com.mx\/Portal\/wp-json\/wp\/v2\/media?parent=236648"}],"wp:term":[{"taxonomy":"category","embeddable":true,"href":"https:\/\/rnoticias.com.mx\/Portal\/wp-json\/wp\/v2\/categories?post=236648"},{"taxonomy":"post_tag","embeddable":true,"href":"https:\/\/rnoticias.com.mx\/Portal\/wp-json\/wp\/v2\/tags?post=236648"}],"curies":[{"name":"wp","href":"https:\/\/api.w.org\/{rel}","templated":true}]}}