{"id":236516,"date":"2025-11-27T19:37:20","date_gmt":"2025-11-28T02:37:20","guid":{"rendered":"https:\/\/rnoticias.com.mx\/Portal\/?p=236516"},"modified":"2025-11-27T19:37:20","modified_gmt":"2025-11-28T02:37:20","slug":"alejandro-fernandez-fue-captado-borracho-y-mareado-sobre-el-escenario-que-le-paso","status":"publish","type":"post","link":"https:\/\/rnoticias.com.mx\/Portal\/2025\/11\/27\/alejandro-fernandez-fue-captado-borracho-y-mareado-sobre-el-escenario-que-le-paso\/","title":{"rendered":"Alejandro Fern\u00e1ndez fue captado &#8220;borracho y mareado&#8221; sobre el escenario: \u00bfQu\u00e9 le pas\u00f3?"},"content":{"rendered":"<p>El cantante mexicano,\u00a0<a href=\"https:\/\/www.bolivia.com\/entretenimiento\/musica\/festival-internacional-tuvo-que-restringirle-el-trago-a-alejandro-fernandez-400042\" target=\"_blank\" rel=\"noopener\">Alejandro Fern\u00e1ndez,<\/a>\u00a0gener\u00f3 sensaci\u00f3n en redes sociales tras aparecer en\u00a0<em>&#8220;mal estado&#8221;<\/em>\u00a0sobre el escenario de su m\u00e1s reciente concierto en Quer\u00e9taro. Su comportamiento mareado e inestable\u00a0<strong>gener\u00f3 preocupaci\u00f3n entre los seguidores del cantante.<\/strong><\/p>\n<p>Seg\u00fan los medios mexicanos, Fern\u00e1ndez luc\u00eda<em>\u00a0&#8220;extra\u00f1o&#8221;<\/em>\u00a0sobre el escenario y con un evidente malestar, donde estuvo a punto de vomitar frente a su p\u00fablico. En uno de los videos se evidencia que termin\u00f3\u00a0<strong>conteni\u00e9ndose respirando con fuerza y buscando mantener el equilibrio.\u00a0<\/strong><\/p>\n<p><strong>Ese video super\u00f3 las 200.000 interacciones\u00a0<\/strong>con comentarios de burlas, cr\u00edticas y donde la mayor\u00eda de la opini\u00f3n es que<em>\u00a0&#8220;estaba borracho&#8221;.<\/em>\u00a0Algunos lo tildaron de ser irrespetuoso con el p\u00fablico que asisti\u00f3 al evento.<\/p>\n<p>Todo ocurri\u00f3 en el Palenque de la Feria Ganadera de Quer\u00e9taro durante este mi\u00e9rcoles 26 de noviembre, seg\u00fan la data de los videos que se viralizaron en diversas plataformas.<\/p>\n<p>Hasta este jueves 27 de noviembre,<strong>\u00a0Alejandro Fern\u00e1ndez ni su equipo de prensa han emitido una declaraci\u00f3n oficial\u00a0<\/strong>sobre lo ocurrido con el incidente. En su cuenta de Instagram, public\u00f3 un video el 25 de noviembre agradeciendo al p\u00fablico de Quer\u00e9taro por las\u00a0<em>&#8220;dos noches inolvidables&#8221;,<\/em>\u00a0sin mencionar el video viral ni su estado.<\/p>\n<h2 class=\"subtitulo\">Preocupaciones por el consumo de alcohol<\/h2>\n<p>Las redes se dividieron entre cr\u00edticas por\u00a0<em>&#8220;falta de profesionalismo&#8221;\u00a0<\/em>compar\u00e1ndolo con incidentes previos, como uno en 2023 donde se evidenci\u00f3 ebrio en el escenario, con burlas y genuina preocupaci\u00f3n por su salud, considerando<strong>\u00a0su historial de rumores sobre consumo de alcohol desmedido.\u00a0<\/strong><\/p>\n<div data-oembed-url=\"https:\/\/www.tiktok.com\/@tvaztecapuebla\/video\/7576816219345489153?q=Alejandro%20Fern%C3%A1ndez&amp;t=1764256428067\"><\/div>\n<h2 class=\"subtitulo\">Reacciones del hijo mayor<\/h2>\n<p>Alex Fern\u00e1ndez, hijo mayor del cantante Alejandro Fern\u00e1ndez sali\u00f3 en defensa de su padre tras la viralidad del clip. En una entrevista reciente, Alex revel\u00f3 que el comportamiento err\u00e1tico observado\u00a0<em>\u2014como desorientaci\u00f3n, dificultad para cantar y un momento en que pareci\u00f3 contener n\u00e1useas\u2014\u00a0<\/em>se debi\u00f3 a\u00a0<strong>un padecimiento estomacal cr\u00f3nico: reflujo gastroesof\u00e1gico.\u00a0<\/strong><\/p>\n<p>Asegur\u00f3 que su padre sufre de este problema de salud desde hace tiempo, y que durante el show\u00a0<em>&#8220;quiz\u00e1s se sinti\u00f3 mal&#8221;\u00a0<\/em>debido a un episodio agudo,\u00a0<strong>posiblemente agravado por el esfuerzo f\u00edsico y emocional de la actuaci\u00f3n.<\/strong><\/p>\n<p>Alex enfatiz\u00f3 que<strong>\u00a0no se trat\u00f3 de ebriedad ni falta de profesionalismo<\/strong>, como especularon algunos en redes. Las declaraciones de Fern\u00e1ndez se difundieron a trav\u00e9s del programa El Gordo y la Flaca, especializado en entretenimiento.<\/p>\n","protected":false},"excerpt":{"rendered":"<p>El cantante mexicano,\u00a0Alejandro Fern\u00e1ndez,\u00a0gener\u00f3 sensaci\u00f3n en redes sociales tras aparecer en\u00a0&#8220;mal estado&#8221;\u00a0sobre el escenario de su m\u00e1s reciente concierto en Quer\u00e9taro. Su comportamiento mareado e inestable\u00a0gener\u00f3 preocupaci\u00f3n entre los seguidores del cantante. Seg\u00fan los medios mexicanos, Fern\u00e1ndez luc\u00eda\u00a0&#8220;extra\u00f1o&#8221;\u00a0sobre el escenario y con un evidente malestar, donde estuvo a punto de vomitar frente a su p\u00fablico. [&hellip;]<\/p>\n","protected":false},"author":2,"featured_media":236517,"comment_status":"closed","ping_status":"closed","sticky":false,"template":"","format":"standard","meta":{"footnotes":""},"categories":[12870,219],"tags":[12865,12875],"class_list":["post-236516","post","type-post","status-publish","format-standard","has-post-thumbnail","hentry","category-destacadas","category-espectaculos","tag-destacadas","tag-espectaculos"],"jetpack_featured_media_url":"https:\/\/rnoticias.com.mx\/Portal\/wp-content\/uploads\/2025\/11\/viralizan-video-de-alejandro-fernandez-sobre-el-escenario-1313154.jpg","amp_enabled":true,"_links":{"self":[{"href":"https:\/\/rnoticias.com.mx\/Portal\/wp-json\/wp\/v2\/posts\/236516","targetHints":{"allow":["GET"]}}],"collection":[{"href":"https:\/\/rnoticias.com.mx\/Portal\/wp-json\/wp\/v2\/posts"}],"about":[{"href":"https:\/\/rnoticias.com.mx\/Portal\/wp-json\/wp\/v2\/types\/post"}],"author":[{"embeddable":true,"href":"https:\/\/rnoticias.com.mx\/Portal\/wp-json\/wp\/v2\/users\/2"}],"replies":[{"embeddable":true,"href":"https:\/\/rnoticias.com.mx\/Portal\/wp-json\/wp\/v2\/comments?post=236516"}],"version-history":[{"count":1,"href":"https:\/\/rnoticias.com.mx\/Portal\/wp-json\/wp\/v2\/posts\/236516\/revisions"}],"predecessor-version":[{"id":236518,"href":"https:\/\/rnoticias.com.mx\/Portal\/wp-json\/wp\/v2\/posts\/236516\/revisions\/236518"}],"wp:featuredmedia":[{"embeddable":true,"href":"https:\/\/rnoticias.com.mx\/Portal\/wp-json\/wp\/v2\/media\/236517"}],"wp:attachment":[{"href":"https:\/\/rnoticias.com.mx\/Portal\/wp-json\/wp\/v2\/media?parent=236516"}],"wp:term":[{"taxonomy":"category","embeddable":true,"href":"https:\/\/rnoticias.com.mx\/Portal\/wp-json\/wp\/v2\/categories?post=236516"},{"taxonomy":"post_tag","embeddable":true,"href":"https:\/\/rnoticias.com.mx\/Portal\/wp-json\/wp\/v2\/tags?post=236516"}],"curies":[{"name":"wp","href":"https:\/\/api.w.org\/{rel}","templated":true}]}}