{"id":236468,"date":"2025-11-27T18:15:04","date_gmt":"2025-11-28T01:15:04","guid":{"rendered":"https:\/\/rnoticias.com.mx\/Portal\/?p=236468"},"modified":"2025-11-27T18:15:04","modified_gmt":"2025-11-28T01:15:04","slug":"avala-ine-nuevo-sistema-de-citas-para-optimizar-los-servicios-relacionados-con-la-credencial-para-votar","status":"publish","type":"post","link":"https:\/\/rnoticias.com.mx\/Portal\/2025\/11\/27\/avala-ine-nuevo-sistema-de-citas-para-optimizar-los-servicios-relacionados-con-la-credencial-para-votar\/","title":{"rendered":"Avala INE nuevo sistema de citas para optimizar los servicios relacionados con la Credencial para Votar"},"content":{"rendered":"<p class=\"x_MsoNormal\"><span data-olk-copy-source=\"MessageBody\">El Consejo General del Instituto Nacional Electoral (INE) puso en marcha, a trav\u00e9s de INETEL, el nuevo Sistema de Citas INE, como parte de la Estrategia de Transformaci\u00f3n Digital y con el cual la ciudadan\u00eda acceder\u00e1 a una plataforma moderna, segura, eficiente y que garantiza la protecci\u00f3n de sus datos personales, adem\u00e1s de que optimiza la gesti\u00f3n de servicios relacionados con la Credencial para Votar.<\/span><\/p>\n<p class=\"x_MsoNormal\">\n<p class=\"x_MsoNormal\">La Consejera y presidenta de la Comisi\u00f3n del Registro Federal de Electores, Carla Humphrey Jordan, explic\u00f3 que este nuevo sistema permitir\u00e1 ofrecer a la ciudadan\u00eda agendar, reprogramar, consultar y cancelar citas para los tr\u00e1mites de credencializaci\u00f3n, mediante una plataforma moderna, segura, accesible y confiable que optimiza los procesos operativos y fortalezca la atenci\u00f3n ciudadana mediante una interfaz intuitiva adaptable a distintos dispositivos m\u00f3viles y con herramientas accesibles para personas con discapacidad conforme a la norma mexicana en igualdad laboral y no discriminaci\u00f3n.<\/p>\n<p class=\"x_MsoNormal\">\n<p class=\"x_MsoNormal\">El sistema integrar\u00e1 recursos gr\u00e1ficos y explicativos sobre los tr\u00e1mites y los medios de identificaci\u00f3n requeridos, lo que favorecer\u00e1 una comunicaci\u00f3n m\u00e1s clara y reducir\u00e1 errores en la gesti\u00f3n de las citas, asegur\u00f3.<\/p>\n<p class=\"x_MsoNormal\">\n<p class=\"x_MsoNormal\">Enseguida, en sesi\u00f3n extraordinaria, el pleno dio por recibido el Primer Informe Trimestral de Actividades 2025 de la Estrategia de Transformaci\u00f3n Digital del Registro Federal de Electores, periodo del 1 de julio al 30 de septiembre de 2025.<\/p>\n<p class=\"x_MsoNormal\">\n<p class=\"x_MsoNormal\">El documento se\u00f1ala que en este periodo, se consolidaron avances sustantivos en proyectos como el sistema de pre-registro en l\u00ednea; en los M\u00f3dulos de Atenci\u00f3n Ciudadana se revisan los procesos para la digitalizaci\u00f3n; la credencial digital; el sistema de registro para el voto anticipado y el sistema de procesamiento de solicitudes del voto de las y los mexicanos residentes en el extranjero, entre otros.<\/p>\n<p class=\"x_MsoNormal\">\n<p class=\"x_MsoNormal\"><b><i>Aporta INE sus capacidades t\u00e9cnicas a la localizaci\u00f3n de personas<\/i><\/b><\/p>\n<p class=\"x_MsoNormal\"><b><i>\u00a0<\/i><\/b><\/p>\n<p class=\"x_MsoNormal\">Al recibir el\u00a0<i>Informe de los resultados y el estado que guarda la firma de los Convenios para la identificaci\u00f3n de personas a trav\u00e9s del m\u00e9todo de biometr\u00eda y colaboraci\u00f3n para la localizaci\u00f3n de personas desaparecidas<\/i>, con corte al 20 de noviembre de 2025, el Consejo General conoci\u00f3 que se han recibido m\u00e1s de 98 mil solicitudes de identificaci\u00f3n y localizaci\u00f3n de personas desaparecidas.<\/p>\n<p class=\"x_MsoNormal\">\n<p class=\"x_MsoNormal\">De ellas, m\u00e1s de 34 mil han obtenido respuestas positivas, con al menos un registro para efectuar identificaciones, adem\u00e1s de m\u00e1s de 441 mil solicitudes de localizaci\u00f3n con una efectividad superior al 54 por ciento, datos que reflejan que la coordinaci\u00f3n interinstitucional genera un impacto real en este lacerante problema.<\/p>\n<p class=\"x_MsoNormal\">\n<p class=\"x_MsoNormal\">El INE resguarda uno de los acervos de informaci\u00f3n m\u00e1s importantes del pa\u00eds: el Padr\u00f3n Electoral con m\u00e1s de 100 millones de registros y desde 2016 ha firmado m\u00e1s de 40 convenios de colaboraci\u00f3n con Fiscal\u00edas estatales, la Fiscal\u00eda General de la Rep\u00fablica, la Comisi\u00f3n Nacional de B\u00fasqueda de Personas y comisiones locales de b\u00fasqueda de personas de todo el territorio nacional, que permiten realizar confrontas biom\u00e9tricas y an\u00e1lisis de informaci\u00f3n para apoyar en la identificaci\u00f3n humana y en la b\u00fasqueda de personas desparecidas.<\/p>\n<p class=\"x_MsoNormal\">\n<p class=\"x_MsoNormal\"><b><i>Reconocen a cuatro personas integrantes del SPEN<\/i><\/b><\/p>\n<p class=\"x_MsoNormal\"><b><i>\u00a0<\/i><\/b><\/p>\n<p class=\"x_MsoNormal\">Al continuar con la sesi\u00f3n, consejeras y consejeros entregaron el \u201cPremio al M\u00e9rito Extraordinario en Proceso Electoral\u201d, correspondiente al Proceso Electoral Federal 2023-2024 a cuatro personas adscritas a la Junta Distrital Ejecutiva 08 en el estado de Oaxaca, por el desempe\u00f1o sobresaliente de este equipo de trabajo, que enfrent\u00f3 el denominado \u201cboicot electoral\u201d en su distrito, lo que represent\u00f3 un desaf\u00edo dada la brevedad del tiempo disponible para dise\u00f1ar e implementar acciones que garantizaran la integridad del proceso electoral.<\/p>\n<p class=\"x_MsoNormal\">\n<p class=\"x_MsoNormal\">En este punto, la Consejera Presidenta, Guadalupe Taddei Zavala felicit\u00f3 a las cuatro mujeres integrantes del Servicio Profesional Electoral Nacional (SPEN) que resultaron ganadoras y fueron postuladas por integrantes de su propia comunidad, lo cual \u201crefleja el respeto, la confianza y el reconocimiento que han construido a trav\u00e9s de su labor cotidiana en el territorio que ellas atienden\u201d.<\/p>\n<p class=\"x_MsoNormal\">\n<p class=\"x_MsoNormal\">Este reconocimiento, dijo Taddei Zavala, no s\u00f3lo enaltece a quienes lo reciben, sino que reafirma el valor del SPEN como pilar de la democracia en M\u00e9xico.<\/p>\n<p class=\"x_MsoNormal\">\n<p class=\"x_MsoNormal\">\u201cEl desempe\u00f1o de este equipo ha sido ejemplar demostrando integridad, eficacia y liderazgo en condiciones adversas. Por ello, con profundo orgullo y sincera admiraci\u00f3n, extiendo una felicitaci\u00f3n y hago entrega de este reconocimiento a nuestras compa\u00f1eras integrantes de la Junta Distrital Ejecutiva 08 de Oaxaca: Diana Karen Acosta Ruelas, Alma Aguilar Melo, Kary\u00f1o Itavi Sarmiento Aguilar y M\u00f3nica Hern\u00e1ndez Ram\u00edrez\u201d.<\/p>\n<p class=\"x_MsoNormal\">\n<p class=\"x_MsoNormal\"><b><i>Contin\u00faa la organizaci\u00f3n del PEL en Coahuila<\/i><\/b><\/p>\n<p class=\"x_MsoNormal\"><b><i>\u00a0<\/i><\/b><\/p>\n<p class=\"x_MsoNormal\">En sesi\u00f3n extraordinaria, el pleno aprob\u00f3 la reinstalaci\u00f3n de cuatro oficinas municipales distribuidas en dos distritos electorales federales 02 y 08, con sede en San Pedro y Ramos Arizpe, en la entidad de Coahuila para el Proceso Electoral Local (PEL) 2025-2026.<\/p>\n<p class=\"x_MsoNormal\">\n<p class=\"x_MsoNormal\">El objetivo central, es garantizar que en cada municipio y comunidad cuente con las condiciones necesarias para que la organizaci\u00f3n de las elecciones sea eficiente, cercana y plenamente confiable.<\/p>\n<p class=\"x_MsoNormal\">\n<p class=\"x_MsoNormal\">El pr\u00f3ximo 1 de diciembre de 2025 dar\u00e1 inici\u00f3 el Proceso Electoral Local en Coahuila, en el que el 7 de junio se renovar\u00e1n 25 diputaciones del Congreso del Estado, de las cuales 16 se elegir\u00e1n por Mayor\u00eda Relativa y nueve mediante Representaci\u00f3n Proporcional.<\/p>\n<p class=\"x_MsoNormal\">\n<p class=\"x_MsoNormal\">Por ello, el pleno aprob\u00f3 el marco geogr\u00e1fico electoral que se utilizar\u00e1 en la elecci\u00f3n de Coahuila, as\u00ed como en los procesos electorales extraordinarios que, en su caso, deriven de dicho proceso electoral local.<\/p>\n<p class=\"x_MsoNormal\">\n<p class=\"x_MsoNormal\">Es decir, defini\u00f3 el \u00e1mbito territorial en el que se distribuyen los 16 distritos locales, 38 municipios y mil 872 secciones electorales de la entidad, con el fin de que cada ciudadana y ciudadano de Coahuila pueda ejercer su derecho al voto en condiciones de igualdad, accesibilidad y transparencia.<\/p>\n<p class=\"x_MsoNormal\">\n<p class=\"x_MsoNormal\"><b><i>Inicia la delimitaci\u00f3n territorial de Chihuahua<\/i><\/b><\/p>\n<p class=\"x_MsoNormal\"><b><i>\u00a0<\/i><\/b><\/p>\n<p class=\"x_MsoNormal\">El pleno tambi\u00e9n aprob\u00f3 instruir a la Junta General Ejecutiva para que, a trav\u00e9s de la Direcci\u00f3n Ejecutiva del Registro Federal de Electores (DERFE), realice las actividades necesarias para presentar el proyecto de la delimitaci\u00f3n territorial de las demarcaciones municipales electorales del estado de Chihuahua.<\/p>\n<p class=\"x_MsoNormal\">\n<p class=\"x_MsoNormal\">El proyecto prev\u00e9 la instalaci\u00f3n de un Comit\u00e9 Evaluador integrado por personal de la DERFE para garantizar objetividad y transparencia en el an\u00e1lisis de insumos y escenarios. Asimismo, establece la inauguraci\u00f3n de un plan de trabajo secuencial y cronol\u00f3gico que ser\u00e1 enriquecido con las observaciones de las comisiones y aprobado por el Consejo General.<\/p>\n<p class=\"x_MsoNormal\">\n<p class=\"x_MsoNormal\"><a name=\"x__Hlk215131558\"><\/a>Durante la sesi\u00f3n, el pleno tambi\u00e9n aprob\u00f3 el reingreso al Servicio Profesional Electoral Nacional del sistema del INE de Ana Mar\u00eda Mora P\u00e9rez, al cargo de Vocal Ejecutiva en la 01 Junta Distrital Ejecutiva, con cabecera en Tequila.<\/p>\n<p class=\"x_MsoNormal\">\n<p class=\"x_MsoNormal\">Finalmente, el pleno resolvi\u00f3 25 procedimientos administrativos sancionadores y de queja en materia de fiscalizaci\u00f3n instaurados en contra de Partidos Pol\u00edticos Nacionales, de los cuales nueve fueron declarados fundados, 10 infundados, tres desechados y tres sobrese\u00eddos.<\/p>\n","protected":false},"excerpt":{"rendered":"<p>El Consejo General del Instituto Nacional Electoral (INE) puso en marcha, a trav\u00e9s de INETEL, el nuevo Sistema de Citas INE, como parte de la Estrategia de Transformaci\u00f3n Digital y con el cual la ciudadan\u00eda acceder\u00e1 a una plataforma moderna, segura, eficiente y que garantiza la protecci\u00f3n de sus datos personales, adem\u00e1s de que optimiza [&hellip;]<\/p>\n","protected":false},"author":2,"featured_media":236469,"comment_status":"closed","ping_status":"closed","sticky":false,"template":"","format":"standard","meta":{"footnotes":""},"categories":[12870,12868],"tags":[12865,12879],"class_list":["post-236468","post","type-post","status-publish","format-standard","has-post-thumbnail","hentry","category-destacadas","category-politica","tag-destacadas","tag-politica"],"jetpack_featured_media_url":"https:\/\/rnoticias.com.mx\/Portal\/wp-content\/uploads\/2025\/11\/WhatsApp-Image-2025-11-27-at-1.20.09-PM-1.jpeg","amp_enabled":true,"_links":{"self":[{"href":"https:\/\/rnoticias.com.mx\/Portal\/wp-json\/wp\/v2\/posts\/236468","targetHints":{"allow":["GET"]}}],"collection":[{"href":"https:\/\/rnoticias.com.mx\/Portal\/wp-json\/wp\/v2\/posts"}],"about":[{"href":"https:\/\/rnoticias.com.mx\/Portal\/wp-json\/wp\/v2\/types\/post"}],"author":[{"embeddable":true,"href":"https:\/\/rnoticias.com.mx\/Portal\/wp-json\/wp\/v2\/users\/2"}],"replies":[{"embeddable":true,"href":"https:\/\/rnoticias.com.mx\/Portal\/wp-json\/wp\/v2\/comments?post=236468"}],"version-history":[{"count":1,"href":"https:\/\/rnoticias.com.mx\/Portal\/wp-json\/wp\/v2\/posts\/236468\/revisions"}],"predecessor-version":[{"id":236470,"href":"https:\/\/rnoticias.com.mx\/Portal\/wp-json\/wp\/v2\/posts\/236468\/revisions\/236470"}],"wp:featuredmedia":[{"embeddable":true,"href":"https:\/\/rnoticias.com.mx\/Portal\/wp-json\/wp\/v2\/media\/236469"}],"wp:attachment":[{"href":"https:\/\/rnoticias.com.mx\/Portal\/wp-json\/wp\/v2\/media?parent=236468"}],"wp:term":[{"taxonomy":"category","embeddable":true,"href":"https:\/\/rnoticias.com.mx\/Portal\/wp-json\/wp\/v2\/categories?post=236468"},{"taxonomy":"post_tag","embeddable":true,"href":"https:\/\/rnoticias.com.mx\/Portal\/wp-json\/wp\/v2\/tags?post=236468"}],"curies":[{"name":"wp","href":"https:\/\/api.w.org\/{rel}","templated":true}]}}