{"id":236464,"date":"2025-11-27T18:13:52","date_gmt":"2025-11-28T01:13:52","guid":{"rendered":"https:\/\/rnoticias.com.mx\/Portal\/?p=236464"},"modified":"2025-11-27T18:13:52","modified_gmt":"2025-11-28T01:13:52","slug":"realizara-gobierno-de-hermosillo-taller-crece-tu-arbol-nivel-avanzando-este-sabado-29","status":"publish","type":"post","link":"https:\/\/rnoticias.com.mx\/Portal\/2025\/11\/27\/realizara-gobierno-de-hermosillo-taller-crece-tu-arbol-nivel-avanzando-este-sabado-29\/","title":{"rendered":"Realizar\u00e1 Gobierno de Hermosillo Taller \u201cCrece Tu \u00c1rbol\u201d nivel avanzando este s\u00e1bado 29"},"content":{"rendered":"<p><b data-olk-copy-source=\"MessageBody\">Hermosillo, Sonora, 27 de noviembre, 2025.-<\/b>\u00a0El Taller \u201cCrece Tu \u00c1rbol\u201d, nivel avanzando para dar continuidad a los cuidados y podas del arbolado urbano que se dieron en el nivel b\u00e1sico se realizar\u00e1 este s\u00e1bado 29 de noviembre en el Vivero Municipal, inform\u00f3 Amparo Fontanot Ochoa.<\/p>\n<p aria-hidden=\"true\">\n<p>La directora de Parques y Jardines de Servicios P\u00fablicos Municipales manifest\u00f3 que los temas que se impartir\u00e1n son: Tutoreado, Uso del acolchado (mulch) y estrategias y t\u00e9cnicas avanzadas de poda en horario de 10:00 a 12:00 horas con un cupo limitado a 40 personas.<\/p>\n<p aria-hidden=\"true\">\n<p>Precis\u00f3 que es importante haber asistido previamente al nivel b\u00e1sico del taller \u201cCrece tu \u00c1rbol\u201d realizado el pasado mes de septiembre en el que se abordaron temas como la elecci\u00f3n del \u00e1rbol correcto para cada espacio, buenas pr\u00e1cticas de poda y la selecci\u00f3n de especies directamente en el vivero.<\/p>\n<p aria-hidden=\"true\">\n<p>Se recomienda llevar libreta y pluma para tomar nota para las y los interesados que deseen inscribirse a trav\u00e9s del enlace: https:\/\/www.eventbrite.com\/e\/taller-crece-tu-arbol-nivel-avanzado-tickets-1975065651531<\/p>\n","protected":false},"excerpt":{"rendered":"<p>Hermosillo, Sonora, 27 de noviembre, 2025.-\u00a0El Taller \u201cCrece Tu \u00c1rbol\u201d, nivel avanzando para dar continuidad a los cuidados y podas del arbolado urbano que se dieron en el nivel b\u00e1sico se realizar\u00e1 este s\u00e1bado 29 de noviembre en el Vivero Municipal, inform\u00f3 Amparo Fontanot Ochoa. La directora de Parques y Jardines de Servicios P\u00fablicos Municipales [&hellip;]<\/p>\n","protected":false},"author":2,"featured_media":236465,"comment_status":"closed","ping_status":"closed","sticky":false,"template":"","format":"standard","meta":{"footnotes":""},"categories":[12870,178],"tags":[12865,12869],"class_list":["post-236464","post","type-post","status-publish","format-standard","has-post-thumbnail","hentry","category-destacadas","category-local","tag-destacadas","tag-local"],"jetpack_featured_media_url":"https:\/\/rnoticias.com.mx\/Portal\/wp-content\/uploads\/2025\/11\/descarga-25.png","amp_enabled":true,"_links":{"self":[{"href":"https:\/\/rnoticias.com.mx\/Portal\/wp-json\/wp\/v2\/posts\/236464","targetHints":{"allow":["GET"]}}],"collection":[{"href":"https:\/\/rnoticias.com.mx\/Portal\/wp-json\/wp\/v2\/posts"}],"about":[{"href":"https:\/\/rnoticias.com.mx\/Portal\/wp-json\/wp\/v2\/types\/post"}],"author":[{"embeddable":true,"href":"https:\/\/rnoticias.com.mx\/Portal\/wp-json\/wp\/v2\/users\/2"}],"replies":[{"embeddable":true,"href":"https:\/\/rnoticias.com.mx\/Portal\/wp-json\/wp\/v2\/comments?post=236464"}],"version-history":[{"count":1,"href":"https:\/\/rnoticias.com.mx\/Portal\/wp-json\/wp\/v2\/posts\/236464\/revisions"}],"predecessor-version":[{"id":236466,"href":"https:\/\/rnoticias.com.mx\/Portal\/wp-json\/wp\/v2\/posts\/236464\/revisions\/236466"}],"wp:featuredmedia":[{"embeddable":true,"href":"https:\/\/rnoticias.com.mx\/Portal\/wp-json\/wp\/v2\/media\/236465"}],"wp:attachment":[{"href":"https:\/\/rnoticias.com.mx\/Portal\/wp-json\/wp\/v2\/media?parent=236464"}],"wp:term":[{"taxonomy":"category","embeddable":true,"href":"https:\/\/rnoticias.com.mx\/Portal\/wp-json\/wp\/v2\/categories?post=236464"},{"taxonomy":"post_tag","embeddable":true,"href":"https:\/\/rnoticias.com.mx\/Portal\/wp-json\/wp\/v2\/tags?post=236464"}],"curies":[{"name":"wp","href":"https:\/\/api.w.org\/{rel}","templated":true}]}}