{"id":236461,"date":"2025-11-27T18:09:58","date_gmt":"2025-11-28T01:09:58","guid":{"rendered":"https:\/\/rnoticias.com.mx\/Portal\/?p=236461"},"modified":"2025-11-27T18:09:58","modified_gmt":"2025-11-28T01:09:58","slug":"impulsa-tono-astiazaran-capacitacion-a-policias-en-perspectiva-de-genero","status":"publish","type":"post","link":"https:\/\/rnoticias.com.mx\/Portal\/2025\/11\/27\/impulsa-tono-astiazaran-capacitacion-a-policias-en-perspectiva-de-genero\/","title":{"rendered":"Impulsa To\u00f1o Astiazar\u00e1n capacitaci\u00f3n a polic\u00edas en perspectiva de g\u00e9nero"},"content":{"rendered":"<p><b data-olk-copy-source=\"MessageBody\">Hermosillo, Sonora; noviembre 27, 2025.-<\/b>\u00a0El presidente municipal Antonio Astiazar\u00e1n Guti\u00e9rrez confirm\u00f3 el compromiso de su administraci\u00f3n de continuar capacitando a las y los polic\u00edas municipales y que la totalidad cuenten con las herramientas para atender de forma profesional, emp\u00e1tica y solidaria a v\u00edctimas de violencia familiar.<\/p>\n<p aria-hidden=\"true\">\n<p>Acompa\u00f1ado por Alonso Dur\u00f3n Monta\u00f1o, Comisario General de la Polic\u00eda Preventiva y Tr\u00e1nsito Municipal y Ang\u00e9lica Pay\u00e1n Garc\u00eda, directora de la Unidad de G\u00e9nero de la corporaci\u00f3n, To\u00f1o Astiazar\u00e1n entreg\u00f3 reconocimientos a quienes concluyeron su capacitaci\u00f3n como Primeros Respondientes con Perspectiva de G\u00e9nero.<\/p>\n<p aria-hidden=\"true\">\n<p>\u201cMe siento muy orgulloso como Presidente Municipal de contar con una corporaci\u00f3n como la Polic\u00eda de Hermosillo que todos los d\u00edas, como dice nuestro Comisario, se capacita, se profesionaliza y da lo mejor de s\u00ed para hacer de Hermosillo una ciudad mucho m\u00e1s segura\u201d, extern\u00f3.<\/p>\n<p aria-hidden=\"true\">\n<p>Destac\u00f3 el esfuerzo diario del personal del Grupo Especializado en Atenci\u00f3n de Violencia Intrafamiliar (GEAVI) para atender los reportes en materia de violencia familiar y asegur\u00f3 que es una prioridad del Gobierno Municipal que la atenci\u00f3n y los servicios que brinda esta corporaci\u00f3n se realicen con perspectiva de g\u00e9nero y sin discriminaci\u00f3n.<\/p>\n<p aria-hidden=\"true\">\n<p>Reconoci\u00f3 que se trata de un problema que no puede quedar solo en manos del GEAVI, sino que debe ser atendido de forma transversal, a la vez que agradeci\u00f3 el esfuerzo personal de cada uno de los agentes que dedic\u00f3 su tiempo y atenci\u00f3n a obtener m\u00e1s herramientas para atender mejor a la ciudadan\u00eda.<\/p>\n<p aria-hidden=\"true\">\n<p>Aprovech\u00f3 para entregar a la instructora de esta capacitaci\u00f3n, Blanca Luz Salda\u00f1a, un reconocimiento y un testimonio de agradecimiento, ante agentes de todos los mandos de la Polic\u00eda Municipal y Zulma Galaz, directora de Atenci\u00f3n a la Mujer del Ayuntamiento, as\u00ed como los regidores Casandra L\u00f3pez Manzano y Orlando Cuevas, como invitados especiales.<\/p>\n<p aria-hidden=\"true\">\n","protected":false},"excerpt":{"rendered":"<p>Hermosillo, Sonora; noviembre 27, 2025.-\u00a0El presidente municipal Antonio Astiazar\u00e1n Guti\u00e9rrez confirm\u00f3 el compromiso de su administraci\u00f3n de continuar capacitando a las y los polic\u00edas municipales y que la totalidad cuenten con las herramientas para atender de forma profesional, emp\u00e1tica y solidaria a v\u00edctimas de violencia familiar. Acompa\u00f1ado por Alonso Dur\u00f3n Monta\u00f1o, Comisario General de la [&hellip;]<\/p>\n","protected":false},"author":2,"featured_media":236462,"comment_status":"closed","ping_status":"closed","sticky":false,"template":"","format":"standard","meta":{"footnotes":""},"categories":[12870,178],"tags":[12865,12869],"class_list":["post-236461","post","type-post","status-publish","format-standard","has-post-thumbnail","hentry","category-destacadas","category-local","tag-destacadas","tag-local"],"jetpack_featured_media_url":"https:\/\/rnoticias.com.mx\/Portal\/wp-content\/uploads\/2025\/11\/descarga-24.png","amp_enabled":true,"_links":{"self":[{"href":"https:\/\/rnoticias.com.mx\/Portal\/wp-json\/wp\/v2\/posts\/236461","targetHints":{"allow":["GET"]}}],"collection":[{"href":"https:\/\/rnoticias.com.mx\/Portal\/wp-json\/wp\/v2\/posts"}],"about":[{"href":"https:\/\/rnoticias.com.mx\/Portal\/wp-json\/wp\/v2\/types\/post"}],"author":[{"embeddable":true,"href":"https:\/\/rnoticias.com.mx\/Portal\/wp-json\/wp\/v2\/users\/2"}],"replies":[{"embeddable":true,"href":"https:\/\/rnoticias.com.mx\/Portal\/wp-json\/wp\/v2\/comments?post=236461"}],"version-history":[{"count":1,"href":"https:\/\/rnoticias.com.mx\/Portal\/wp-json\/wp\/v2\/posts\/236461\/revisions"}],"predecessor-version":[{"id":236463,"href":"https:\/\/rnoticias.com.mx\/Portal\/wp-json\/wp\/v2\/posts\/236461\/revisions\/236463"}],"wp:featuredmedia":[{"embeddable":true,"href":"https:\/\/rnoticias.com.mx\/Portal\/wp-json\/wp\/v2\/media\/236462"}],"wp:attachment":[{"href":"https:\/\/rnoticias.com.mx\/Portal\/wp-json\/wp\/v2\/media?parent=236461"}],"wp:term":[{"taxonomy":"category","embeddable":true,"href":"https:\/\/rnoticias.com.mx\/Portal\/wp-json\/wp\/v2\/categories?post=236461"},{"taxonomy":"post_tag","embeddable":true,"href":"https:\/\/rnoticias.com.mx\/Portal\/wp-json\/wp\/v2\/tags?post=236461"}],"curies":[{"name":"wp","href":"https:\/\/api.w.org\/{rel}","templated":true}]}}