{"id":236373,"date":"2025-11-26T20:53:18","date_gmt":"2025-11-27T03:53:18","guid":{"rendered":"https:\/\/rnoticias.com.mx\/Portal\/?p=236373"},"modified":"2025-11-26T20:53:18","modified_gmt":"2025-11-27T03:53:18","slug":"bosque-urbano-la-sauceda-concluye-la-reforestacion-en-el-poligono-sureste-la-oreja","status":"publish","type":"post","link":"https:\/\/rnoticias.com.mx\/Portal\/2025\/11\/26\/bosque-urbano-la-sauceda-concluye-la-reforestacion-en-el-poligono-sureste-la-oreja\/","title":{"rendered":"Bosque Urbano La Sauceda concluye la reforestaci\u00f3n en el Pol\u00edgono Sureste \u201cLa Oreja\u201d"},"content":{"rendered":"<p align=\"left\">Hermosillo, Sonora; 26 de noviembre de 2025.\u2013 La reforestaci\u00f3n en el Pol\u00edgono Sureste, conocido como \u201cLa Oreja\u201d, fue concluida con \u00e9xito como parte del convenio con la Comisi\u00f3n Nacional Forestal (Conafor) dentro del proyecto \u201cRestauraci\u00f3n y transformaci\u00f3n de La Sauceda a bosque urbano\u201d.<\/p>\n<p align=\"left\">\n<p align=\"left\">En esta \u00e1rea, con una extensi\u00f3n de 5.2 hect\u00e1reas, fueron plantados mil 584 \u00e1rboles pertenecientes a 13 especies nativas, fortaleciendo la recuperaci\u00f3n ecol\u00f3gica del sitio y promoviendo el restablecimiento de la vegetaci\u00f3n propia de la regi\u00f3n.<\/p>\n<p align=\"left\">\n<p align=\"left\">Como parte de los trabajos de restauraci\u00f3n, en La Oreja tambi\u00e9n se instal\u00f3 un sistema de riego por goteo dise\u00f1ado para asegurar el establecimiento y supervivencia de los \u00e1rboles durante sus primeras etapas de crecimiento, mediante un uso eficiente del agua y un manejo adecuado del mantenimiento.<\/p>\n<p align=\"left\">\n<p align=\"left\">Esta intervenci\u00f3n forma parte del proyecto integral de restauraci\u00f3n iniciado el seis de mayo y que se encuentra pr\u00f3ximo a concluir. Una vez finalizado, se habr\u00e1n plantado cuatro mil 176 \u00e1rboles en las distintas \u00e1reas contempladas dentro del plan de acci\u00f3n.<\/p>\n<p align=\"left\">\n<p align=\"left\">La reforestaci\u00f3n en \u201cLa Oreja\u201d representa un avance significativo en la transformaci\u00f3n de La Sauceda. Con estas acciones, se reafirma el compromiso de recuperar espacios p\u00fablicos y regenerar el Bosque Urbano La Sauceda para beneficio de todas y todos.<\/p>\n","protected":false},"excerpt":{"rendered":"<p>Hermosillo, Sonora; 26 de noviembre de 2025.\u2013 La reforestaci\u00f3n en el Pol\u00edgono Sureste, conocido como \u201cLa Oreja\u201d, fue concluida con \u00e9xito como parte del convenio con la Comisi\u00f3n Nacional Forestal (Conafor) dentro del proyecto \u201cRestauraci\u00f3n y transformaci\u00f3n de La Sauceda a bosque urbano\u201d. En esta \u00e1rea, con una extensi\u00f3n de 5.2 hect\u00e1reas, fueron plantados mil [&hellip;]<\/p>\n","protected":false},"author":2,"featured_media":236374,"comment_status":"closed","ping_status":"closed","sticky":false,"template":"","format":"standard","meta":{"footnotes":""},"categories":[178],"tags":[12869],"class_list":["post-236373","post","type-post","status-publish","format-standard","has-post-thumbnail","hentry","category-local","tag-local"],"jetpack_featured_media_url":"https:\/\/rnoticias.com.mx\/Portal\/wp-content\/uploads\/2025\/11\/unnamed-37.jpg","amp_enabled":true,"_links":{"self":[{"href":"https:\/\/rnoticias.com.mx\/Portal\/wp-json\/wp\/v2\/posts\/236373","targetHints":{"allow":["GET"]}}],"collection":[{"href":"https:\/\/rnoticias.com.mx\/Portal\/wp-json\/wp\/v2\/posts"}],"about":[{"href":"https:\/\/rnoticias.com.mx\/Portal\/wp-json\/wp\/v2\/types\/post"}],"author":[{"embeddable":true,"href":"https:\/\/rnoticias.com.mx\/Portal\/wp-json\/wp\/v2\/users\/2"}],"replies":[{"embeddable":true,"href":"https:\/\/rnoticias.com.mx\/Portal\/wp-json\/wp\/v2\/comments?post=236373"}],"version-history":[{"count":1,"href":"https:\/\/rnoticias.com.mx\/Portal\/wp-json\/wp\/v2\/posts\/236373\/revisions"}],"predecessor-version":[{"id":236375,"href":"https:\/\/rnoticias.com.mx\/Portal\/wp-json\/wp\/v2\/posts\/236373\/revisions\/236375"}],"wp:featuredmedia":[{"embeddable":true,"href":"https:\/\/rnoticias.com.mx\/Portal\/wp-json\/wp\/v2\/media\/236374"}],"wp:attachment":[{"href":"https:\/\/rnoticias.com.mx\/Portal\/wp-json\/wp\/v2\/media?parent=236373"}],"wp:term":[{"taxonomy":"category","embeddable":true,"href":"https:\/\/rnoticias.com.mx\/Portal\/wp-json\/wp\/v2\/categories?post=236373"},{"taxonomy":"post_tag","embeddable":true,"href":"https:\/\/rnoticias.com.mx\/Portal\/wp-json\/wp\/v2\/tags?post=236373"}],"curies":[{"name":"wp","href":"https:\/\/api.w.org\/{rel}","templated":true}]}}