{"id":236370,"date":"2025-11-26T20:51:47","date_gmt":"2025-11-27T03:51:47","guid":{"rendered":"https:\/\/rnoticias.com.mx\/Portal\/?p=236370"},"modified":"2025-11-26T20:51:47","modified_gmt":"2025-11-27T03:51:47","slug":"gobernador-durazo-anuncia-restauracion-de-casa-uruchurtu-en-celebracion-por-el-50-aniversario-de-sociedad-sonorense-de-historia","status":"publish","type":"post","link":"https:\/\/rnoticias.com.mx\/Portal\/2025\/11\/26\/gobernador-durazo-anuncia-restauracion-de-casa-uruchurtu-en-celebracion-por-el-50-aniversario-de-sociedad-sonorense-de-historia\/","title":{"rendered":"Gobernador Durazo anuncia restauraci\u00f3n de Casa Uruchurtu en celebraci\u00f3n por el 50 aniversario de Sociedad Sonorense de Historia"},"content":{"rendered":"<p>Hermosillo, Sonora; 26 de noviembre de 2025.- Para fortalecer la memoria hist\u00f3rica del estado y la identidad como sonorenses, el gobernador Alfonso Durazo Monta\u00f1o encabez\u00f3 la ceremonia inaugural en conmemoraci\u00f3n por los 50 a\u00f1os de la fundaci\u00f3n de la Sociedad Sonorense de Historia, en la que anunci\u00f3 el apoyo para llevar a cabo la restauraci\u00f3n integral de la \u201cCasa Uruchurtu\u201d y la actualizaci\u00f3n del comodato.<\/p>\n<p>En el XXXVIII Simposio de Historia, Sonora: identidad y diversidad cultural, en memoria del Dr. Samuel Oca\u00f1a, el mandatario sonorense reconoci\u00f3 la labor de investigadores y colaboradores de esta instituci\u00f3n, cuya dedicaci\u00f3n durante cinco d\u00e9cadas ha sido invaluable para las y los sonorenses, manteniendo viva una tradici\u00f3n intelectual que resguarda la identidad, el patrimonio e historia del estado.<\/p>\n<p>\u201cSu labor constante, ha permitido que nuevas generaciones conozcan, valoren y preserven los hechos, personajes y expresiones culturales que han dado forma a nuestro estado. Su divulgaci\u00f3n ha honrado la reflexi\u00f3n cr\u00edtica y construcci\u00f3n del pensamiento social en nuestro estado, ha enriquecido la comprensi\u00f3n de qui\u00e9nes somos como pueblo y cu\u00e1les son los valores que nos distinguen\u201d, sostuvo el jefe del Ejecutivo estatal.<\/p>\n<p>Por su parte, Pamela del Carmen Corella Romero, presidenta de la Sociedad Sonorense de Historia agradeci\u00f3 el apoyo al gobernador Durazo Monta\u00f1o, para que la instituci\u00f3n contin\u00fae resguardando la investigaci\u00f3n, el patrimonio y memoria hist\u00f3rica de Sonora.<\/p>\n<p>\u201cHace m\u00e1s de 20 a\u00f1os que no pisaba la Casa Uruchurtu un gobernador, ya tenemos ese r\u00e9cord con el gobernador Durazo y estamos muy agradecidos de que nos escuch\u00f3 respetuosa y c\u00e1lidamente, que est\u00e1 atendiendo estas demandas que urgen no para una persona o un grupo de personas, sino para una instituci\u00f3n que rinde homenaje, que divulga, que defiende y promueve la memoria hist\u00f3rica de Sonora\u201d, subray\u00f3.<\/p>\n<p>Los festejos por el 50 aniversario de la Sociedad Sonorense de Historia concluir\u00e1n el s\u00e1bado 29 de noviembre y, dentro del programa se incluyen 13 mesas de trabajo, 43 ponencias, dos conferencias magistrales, dos conversatorios, dos talleres, dos presentaciones editoriales y una exposici\u00f3n fotogr\u00e1fica.<\/p>\n","protected":false},"excerpt":{"rendered":"<p>Hermosillo, Sonora; 26 de noviembre de 2025.- Para fortalecer la memoria hist\u00f3rica del estado y la identidad como sonorenses, el gobernador Alfonso Durazo Monta\u00f1o encabez\u00f3 la ceremonia inaugural en conmemoraci\u00f3n por los 50 a\u00f1os de la fundaci\u00f3n de la Sociedad Sonorense de Historia, en la que anunci\u00f3 el apoyo para llevar a cabo la restauraci\u00f3n [&hellip;]<\/p>\n","protected":false},"author":2,"featured_media":236371,"comment_status":"closed","ping_status":"closed","sticky":false,"template":"","format":"standard","meta":{"footnotes":""},"categories":[12870,178],"tags":[12865,12869],"class_list":["post-236370","post","type-post","status-publish","format-standard","has-post-thumbnail","hentry","category-destacadas","category-local","tag-destacadas","tag-local"],"jetpack_featured_media_url":"https:\/\/rnoticias.com.mx\/Portal\/wp-content\/uploads\/2025\/11\/1-79-696x464-1.jpg","amp_enabled":true,"_links":{"self":[{"href":"https:\/\/rnoticias.com.mx\/Portal\/wp-json\/wp\/v2\/posts\/236370","targetHints":{"allow":["GET"]}}],"collection":[{"href":"https:\/\/rnoticias.com.mx\/Portal\/wp-json\/wp\/v2\/posts"}],"about":[{"href":"https:\/\/rnoticias.com.mx\/Portal\/wp-json\/wp\/v2\/types\/post"}],"author":[{"embeddable":true,"href":"https:\/\/rnoticias.com.mx\/Portal\/wp-json\/wp\/v2\/users\/2"}],"replies":[{"embeddable":true,"href":"https:\/\/rnoticias.com.mx\/Portal\/wp-json\/wp\/v2\/comments?post=236370"}],"version-history":[{"count":1,"href":"https:\/\/rnoticias.com.mx\/Portal\/wp-json\/wp\/v2\/posts\/236370\/revisions"}],"predecessor-version":[{"id":236372,"href":"https:\/\/rnoticias.com.mx\/Portal\/wp-json\/wp\/v2\/posts\/236370\/revisions\/236372"}],"wp:featuredmedia":[{"embeddable":true,"href":"https:\/\/rnoticias.com.mx\/Portal\/wp-json\/wp\/v2\/media\/236371"}],"wp:attachment":[{"href":"https:\/\/rnoticias.com.mx\/Portal\/wp-json\/wp\/v2\/media?parent=236370"}],"wp:term":[{"taxonomy":"category","embeddable":true,"href":"https:\/\/rnoticias.com.mx\/Portal\/wp-json\/wp\/v2\/categories?post=236370"},{"taxonomy":"post_tag","embeddable":true,"href":"https:\/\/rnoticias.com.mx\/Portal\/wp-json\/wp\/v2\/tags?post=236370"}],"curies":[{"name":"wp","href":"https:\/\/api.w.org\/{rel}","templated":true}]}}