{"id":236300,"date":"2025-11-26T12:37:29","date_gmt":"2025-11-26T19:37:29","guid":{"rendered":"https:\/\/rnoticias.com.mx\/Portal\/?p=236300"},"modified":"2025-11-26T12:37:29","modified_gmt":"2025-11-26T19:37:29","slug":"juez-frena-cualquier-detencion-del-influencer-markitos-toys","status":"publish","type":"post","link":"https:\/\/rnoticias.com.mx\/Portal\/2025\/11\/26\/juez-frena-cualquier-detencion-del-influencer-markitos-toys\/","title":{"rendered":"Juez frena cualquier detenci\u00f3n del influencer &#8216;Markitos Toys&#8217;"},"content":{"rendered":"<p>Una jueza de Amparo en Baja California concedi\u00f3 una suspensi\u00f3n de plano a\u00a0Marco Eduardo Castro C\u00e1rdena<strong>, &#8220;Markitos Toys&#8221;,<\/strong>\u00a0un influencer y creador de contenido de Sinaloa.<\/p>\n<p>Ese recurso solicitado el\u00a013 de noviembre\u00a0pasado y aceptado a tr\u00e1mite el mismo d\u00eda, fue presentado contra cualquier orden de captura, orden de extradici\u00f3n, as\u00ed como bloqueo de cuentas.<\/p>\n<p><strong>&#8220;\u00d3rdenes emitidas o que est\u00e9n por emitir de car\u00e1cter verbal o escrita en mi contra, para ser privado de mi libertad, sea libre tr\u00e1nsito,\u00a0terrestre\u00a0y a\u00e9reo, mi\u00a0salud\u00a0y mi vida, para ser\u00a0detenido golpeado<\/strong>, vejado, desaparecido e iniciado un procedimiento ilegal en mi contra sea penal o administrativo, como el\u00a0bloqueo\u00a0de actos\u00a0financieros, el\u00a0destierro, la extradici\u00f3n y ser trasladado fuera de M\u00e9xico Ilegales\u00a0<strong>\u00f3rdenes de detenci\u00f3n y\/o aprehensi\u00f3n y\/o privaci\u00f3n de mi libertad, mi salud y mi vida y\/o destierro dictadas en mi contra, decretadas por algunas de las autoridades&#8221;<\/strong>, menciona la petici\u00f3n.<\/p>\n<p>Seg\u00fan el listado de notificaciones del\u00a0Consejo de la Judicatura Federal\u00a0(CJF), la\u00a0suspensi\u00f3n de plano\u00a0fue concedida el mismo d\u00eda en que present\u00f3 el amparo.<\/p>\n<p>Tras conceder la medida, la juez la orden\u00f3\u00a0<strong>&#8220;precise con claridad cu\u00e1l es el acto exacto que reclama a cada una de las autoridades responsables&#8221;.<\/strong><\/p>\n<p>Asimismo,\u00a0<strong>un juez de la Ciudad de M\u00e9xico, as\u00ed como de Baja California, ya entregaron informes;<\/strong>\u00a0sin embargo, se desconoce su contenido.<\/p>\n<p>Markitos Toys\u00a0forma parte de un grupo originario de Sinaloa conocido como &#8216;Los Toys&#8217;.\u00a0<strong>A trav\u00e9s de videos publicados en distintas redes sociales muestran distintos lujos a los que tienen acceso. En ellos se muestran cuatrimotos, fiestas privadas, autos deportivos y momentos cotidianos, en tono humor\u00edstico o extravagante.<\/strong><\/p>\n<p>&nbsp;<\/p>\n<p>Fuente: Latinus<\/p>\n","protected":false},"excerpt":{"rendered":"<p>Una jueza de Amparo en Baja California concedi\u00f3 una suspensi\u00f3n de plano a\u00a0Marco Eduardo Castro C\u00e1rdena, &#8220;Markitos Toys&#8221;,\u00a0un influencer y creador de contenido de Sinaloa. Ese recurso solicitado el\u00a013 de noviembre\u00a0pasado y aceptado a tr\u00e1mite el mismo d\u00eda, fue presentado contra cualquier orden de captura, orden de extradici\u00f3n, as\u00ed como bloqueo de cuentas. &#8220;\u00d3rdenes emitidas [&hellip;]<\/p>\n","protected":false},"author":2,"featured_media":236301,"comment_status":"closed","ping_status":"closed","sticky":false,"template":"","format":"standard","meta":{"footnotes":""},"categories":[12870,219],"tags":[12865,12875],"class_list":["post-236300","post","type-post","status-publish","format-standard","has-post-thumbnail","hentry","category-destacadas","category-espectaculos","tag-destacadas","tag-espectaculos"],"jetpack_featured_media_url":"https:\/\/rnoticias.com.mx\/Portal\/wp-content\/uploads\/2025\/11\/3419973.jpg","amp_enabled":true,"_links":{"self":[{"href":"https:\/\/rnoticias.com.mx\/Portal\/wp-json\/wp\/v2\/posts\/236300","targetHints":{"allow":["GET"]}}],"collection":[{"href":"https:\/\/rnoticias.com.mx\/Portal\/wp-json\/wp\/v2\/posts"}],"about":[{"href":"https:\/\/rnoticias.com.mx\/Portal\/wp-json\/wp\/v2\/types\/post"}],"author":[{"embeddable":true,"href":"https:\/\/rnoticias.com.mx\/Portal\/wp-json\/wp\/v2\/users\/2"}],"replies":[{"embeddable":true,"href":"https:\/\/rnoticias.com.mx\/Portal\/wp-json\/wp\/v2\/comments?post=236300"}],"version-history":[{"count":1,"href":"https:\/\/rnoticias.com.mx\/Portal\/wp-json\/wp\/v2\/posts\/236300\/revisions"}],"predecessor-version":[{"id":236302,"href":"https:\/\/rnoticias.com.mx\/Portal\/wp-json\/wp\/v2\/posts\/236300\/revisions\/236302"}],"wp:featuredmedia":[{"embeddable":true,"href":"https:\/\/rnoticias.com.mx\/Portal\/wp-json\/wp\/v2\/media\/236301"}],"wp:attachment":[{"href":"https:\/\/rnoticias.com.mx\/Portal\/wp-json\/wp\/v2\/media?parent=236300"}],"wp:term":[{"taxonomy":"category","embeddable":true,"href":"https:\/\/rnoticias.com.mx\/Portal\/wp-json\/wp\/v2\/categories?post=236300"},{"taxonomy":"post_tag","embeddable":true,"href":"https:\/\/rnoticias.com.mx\/Portal\/wp-json\/wp\/v2\/tags?post=236300"}],"curies":[{"name":"wp","href":"https:\/\/api.w.org\/{rel}","templated":true}]}}