{"id":236254,"date":"2025-11-26T08:55:41","date_gmt":"2025-11-26T15:55:41","guid":{"rendered":"https:\/\/rnoticias.com.mx\/Portal\/?p=236254"},"modified":"2025-11-26T08:55:41","modified_gmt":"2025-11-26T15:55:41","slug":"ley-de-aguas-mantendra-derechos-en-concesiones-conagua-ante-protestas-de-agricultores","status":"publish","type":"post","link":"https:\/\/rnoticias.com.mx\/Portal\/2025\/11\/26\/ley-de-aguas-mantendra-derechos-en-concesiones-conagua-ante-protestas-de-agricultores\/","title":{"rendered":"Ley de Aguas mantendr\u00e1 derechos en concesiones: Conagua ante protestas de agricultores"},"content":{"rendered":"<p>Debido a las protestas y\u00a0<strong>bloqueos<\/strong>\u00a0que han realizado los\u00a0<strong>agricultores<\/strong>\u00a0en contra de la iniciativa de la\u00a0<strong>Ley de Aguas<\/strong>, el titular de la\u00a0<strong>Comisi\u00f3n Nacional del Agua<\/strong>\u00a0(Conagua), Efra\u00edn Morales, explic\u00f3 los detalles de esta propuesta de reforma.<\/p>\n<p>De acuerdo con Morales, la iniciativa promete: la garant\u00eda del\u00a0<strong>binomio tierra<\/strong>&#8211;<strong>agua<\/strong>, mantener los\u00a0<strong>derechos de agua<\/strong>\u00a0para heredar, asegurar los derechos de todos lo que tienen una\u00a0<strong>concesi\u00f3n<\/strong>, evitar el acaparamiento (retirando los t\u00edtulos de concesi\u00f3n que no sean utilizados) y promover la\u00a0<strong>tecnificaci\u00f3n en el riego<\/strong>.<\/p>\n<p>Adem\u00e1s, detall\u00f3 que la reforma incluye las bases para la reglamentaci\u00f3n del\u00a0<strong>art\u00edculo 4<\/strong>\u00ba\u00a0<strong>Constitucional<\/strong>, por lo que la Ley de Aguas ser\u00e1 para sentar las bases para que el\u00a0<strong>Estado mexicano<\/strong>\u00a0recupere el manejo de las aguas nacionales en favor de la poblaci\u00f3n.<\/p>\n<p>Cabe recordar que los agricultores, quienes junto con\u00a0<strong>transportistas<\/strong>\u00a0han realizado bloqueos en distintas vialidades del pa\u00eds, aseguran que, si se aprueba la Ley de Aguas, se desaparecer\u00eda la figura de transmisi\u00f3n de derechos de agua, es decir, que ya no se podr\u00edan heredar o ceder los derechos de agua.<\/p>\n<p>Tambi\u00e9n se\u00f1alan que las pr\u00f3rrogas de las concesiones se convertir\u00edan en un problema burocr\u00e1tico, y se corre el riesgo de judicializar como &#8220;delito h\u00eddrico&#8221; lo que hist\u00f3ricamente ha sido de car\u00e1cter administrativo.<\/p>\n<p>&nbsp;<\/p>\n<p>Fuente: El Financiero<\/p>\n","protected":false},"excerpt":{"rendered":"<p>Debido a las protestas y\u00a0bloqueos\u00a0que han realizado los\u00a0agricultores\u00a0en contra de la iniciativa de la\u00a0Ley de Aguas, el titular de la\u00a0Comisi\u00f3n Nacional del Agua\u00a0(Conagua), Efra\u00edn Morales, explic\u00f3 los detalles de esta propuesta de reforma. De acuerdo con Morales, la iniciativa promete: la garant\u00eda del\u00a0binomio tierra&#8211;agua, mantener los\u00a0derechos de agua\u00a0para heredar, asegurar los derechos de todos lo [&hellip;]<\/p>\n","protected":false},"author":2,"featured_media":236255,"comment_status":"closed","ping_status":"closed","sticky":false,"template":"","format":"standard","meta":{"footnotes":""},"categories":[12870,172],"tags":[12865,12874],"class_list":["post-236254","post","type-post","status-publish","format-standard","has-post-thumbnail","hentry","category-destacadas","category-nacional","tag-destacadas","tag-nacional"],"jetpack_featured_media_url":"https:\/\/rnoticias.com.mx\/Portal\/wp-content\/uploads\/2025\/11\/3423897.webp","amp_enabled":true,"_links":{"self":[{"href":"https:\/\/rnoticias.com.mx\/Portal\/wp-json\/wp\/v2\/posts\/236254","targetHints":{"allow":["GET"]}}],"collection":[{"href":"https:\/\/rnoticias.com.mx\/Portal\/wp-json\/wp\/v2\/posts"}],"about":[{"href":"https:\/\/rnoticias.com.mx\/Portal\/wp-json\/wp\/v2\/types\/post"}],"author":[{"embeddable":true,"href":"https:\/\/rnoticias.com.mx\/Portal\/wp-json\/wp\/v2\/users\/2"}],"replies":[{"embeddable":true,"href":"https:\/\/rnoticias.com.mx\/Portal\/wp-json\/wp\/v2\/comments?post=236254"}],"version-history":[{"count":1,"href":"https:\/\/rnoticias.com.mx\/Portal\/wp-json\/wp\/v2\/posts\/236254\/revisions"}],"predecessor-version":[{"id":236256,"href":"https:\/\/rnoticias.com.mx\/Portal\/wp-json\/wp\/v2\/posts\/236254\/revisions\/236256"}],"wp:featuredmedia":[{"embeddable":true,"href":"https:\/\/rnoticias.com.mx\/Portal\/wp-json\/wp\/v2\/media\/236255"}],"wp:attachment":[{"href":"https:\/\/rnoticias.com.mx\/Portal\/wp-json\/wp\/v2\/media?parent=236254"}],"wp:term":[{"taxonomy":"category","embeddable":true,"href":"https:\/\/rnoticias.com.mx\/Portal\/wp-json\/wp\/v2\/categories?post=236254"},{"taxonomy":"post_tag","embeddable":true,"href":"https:\/\/rnoticias.com.mx\/Portal\/wp-json\/wp\/v2\/tags?post=236254"}],"curies":[{"name":"wp","href":"https:\/\/api.w.org\/{rel}","templated":true}]}}