{"id":236251,"date":"2025-11-26T08:23:51","date_gmt":"2025-11-26T15:23:51","guid":{"rendered":"https:\/\/rnoticias.com.mx\/Portal\/?p=236251"},"modified":"2025-11-26T08:23:51","modified_gmt":"2025-11-26T15:23:51","slug":"trump-pasara-en-su-mansion-de-florida-su-primer-accion-de-gracias-tras-volver-al-poder","status":"publish","type":"post","link":"https:\/\/rnoticias.com.mx\/Portal\/2025\/11\/26\/trump-pasara-en-su-mansion-de-florida-su-primer-accion-de-gracias-tras-volver-al-poder\/","title":{"rendered":"Trump pasar\u00e1 en su mansi\u00f3n de Florida su primer Acci\u00f3n de Gracias tras volver al poder"},"content":{"rendered":"<p><strong>El presidente y la primera dama de Estados Unidos, Donald y Melania Trump,<\/strong>\u00a0viajaron este martes a su mansi\u00f3n Mar-a-Lago, en Florida, para celebrar el puente de Acci\u00f3n de Gracias por primera vez desde el regreso del republicano a la Casa Blanca.<\/p>\n<p>Esta ser\u00e1 la visita n\u00famero 15 del mandatario a su resort, seg\u00fan un recuento del peri\u00f3dico local The Palm Beach Post, que califica la fiesta de Acci\u00f3n de Gracias en la propiedad como el inicio de la temporada de las festividades navide\u00f1as y de fin de a\u00f1o en la localidad.<\/p>\n<p><strong>En esta ocasi\u00f3n, la primera dama acompa\u00f1a al mandatario en su viaje, un hecho poco habitual que resalta la importancia del D\u00eda de Acci\u00f3n de Gracias.<\/strong><\/p>\n<p>Mar-a-Lago, la residencia preferida de Trump y calificada por sus allegados como un &#8220;mini Versalles&#8221; por su opulencia, ha sido a lo largo de los a\u00f1os el lugar escogido por el presidente para celebrar varios de los festivos m\u00e1s importantes del a\u00f1o.<\/p>\n<p>Durante su primer mandato, entre 2017 y 2021, el republicano pas\u00f3 tres temporadas de Acci\u00f3n de Gracias en la residencia. En 2019,<strong>\u00a0desde all\u00ed vol\u00f3 en secreto a Afganist\u00e1n para compartir la tradicional cena de pavo y pastel de calabaza con las tropas estadounidenses.<\/strong><\/p>\n<p><strong>Las exclusivas fiestas de Mar-a-Lago son famosas por reunir a influyentes magnates, donantes y pol\u00edticos. El pasado Halloween, Trump recibi\u00f3 a sus hu\u00e9spedes con una pomposa celebraci\u00f3n con tem\u00e1tica de &#8216;El Gran Gatsby&#8217; en medio del cierre de Gobierno m\u00e1s largo en la historia del pa\u00eds.<\/strong><\/p>\n<p>Antes de partir rumbo a Florida en el Air Force One, la pareja presidencial cumpli\u00f3 este martes con la tradici\u00f3n anual del indulto a dos pavos, que gracias a este perd\u00f3n no ser\u00e1n sacrificados para la cena de Acci\u00f3n de Gracias.<\/p>\n<p>Durante estas fechas, en Estados Unidos se consumen casi 50 millones de pavos, el plato principal de la cena de Acci\u00f3n de Gracias, la festividad familiar m\u00e1s importante del pa\u00eds.<\/p>\n<p><strong>Esta se celebra cada \u00faltimo jueves de noviembre para conmemorar una cena de 1621 entre colonos brit\u00e1nicos e ind\u00edgenas, que celebraban una buena cosecha.<\/strong><\/p>\n<p>&nbsp;<\/p>\n<p>Fuente: EFE<\/p>\n","protected":false},"excerpt":{"rendered":"<p>El presidente y la primera dama de Estados Unidos, Donald y Melania Trump,\u00a0viajaron este martes a su mansi\u00f3n Mar-a-Lago, en Florida, para celebrar el puente de Acci\u00f3n de Gracias por primera vez desde el regreso del republicano a la Casa Blanca. Esta ser\u00e1 la visita n\u00famero 15 del mandatario a su resort, seg\u00fan un recuento [&hellip;]<\/p>\n","protected":false},"author":2,"featured_media":236252,"comment_status":"closed","ping_status":"closed","sticky":false,"template":"","format":"standard","meta":{"footnotes":""},"categories":[12870,182],"tags":[12865,12871],"class_list":["post-236251","post","type-post","status-publish","format-standard","has-post-thumbnail","hentry","category-destacadas","category-internacional","tag-destacadas","tag-internacional"],"jetpack_featured_media_url":"https:\/\/rnoticias.com.mx\/Portal\/wp-content\/uploads\/2025\/11\/rss-efe6d439ce1ba87a0292a06a406c8acaea1545689d0w-780x520-1.jpg","amp_enabled":true,"_links":{"self":[{"href":"https:\/\/rnoticias.com.mx\/Portal\/wp-json\/wp\/v2\/posts\/236251","targetHints":{"allow":["GET"]}}],"collection":[{"href":"https:\/\/rnoticias.com.mx\/Portal\/wp-json\/wp\/v2\/posts"}],"about":[{"href":"https:\/\/rnoticias.com.mx\/Portal\/wp-json\/wp\/v2\/types\/post"}],"author":[{"embeddable":true,"href":"https:\/\/rnoticias.com.mx\/Portal\/wp-json\/wp\/v2\/users\/2"}],"replies":[{"embeddable":true,"href":"https:\/\/rnoticias.com.mx\/Portal\/wp-json\/wp\/v2\/comments?post=236251"}],"version-history":[{"count":1,"href":"https:\/\/rnoticias.com.mx\/Portal\/wp-json\/wp\/v2\/posts\/236251\/revisions"}],"predecessor-version":[{"id":236253,"href":"https:\/\/rnoticias.com.mx\/Portal\/wp-json\/wp\/v2\/posts\/236251\/revisions\/236253"}],"wp:featuredmedia":[{"embeddable":true,"href":"https:\/\/rnoticias.com.mx\/Portal\/wp-json\/wp\/v2\/media\/236252"}],"wp:attachment":[{"href":"https:\/\/rnoticias.com.mx\/Portal\/wp-json\/wp\/v2\/media?parent=236251"}],"wp:term":[{"taxonomy":"category","embeddable":true,"href":"https:\/\/rnoticias.com.mx\/Portal\/wp-json\/wp\/v2\/categories?post=236251"},{"taxonomy":"post_tag","embeddable":true,"href":"https:\/\/rnoticias.com.mx\/Portal\/wp-json\/wp\/v2\/tags?post=236251"}],"curies":[{"name":"wp","href":"https:\/\/api.w.org\/{rel}","templated":true}]}}