{"id":236245,"date":"2025-11-26T08:18:44","date_gmt":"2025-11-26T15:18:44","guid":{"rendered":"https:\/\/rnoticias.com.mx\/Portal\/?p=236245"},"modified":"2025-11-26T08:18:44","modified_gmt":"2025-11-26T15:18:44","slug":"se-realiza-con-exito-la-expo-sonora-de-ciencias-tecnologia-y-humanidades-2025","status":"publish","type":"post","link":"https:\/\/rnoticias.com.mx\/Portal\/2025\/11\/26\/se-realiza-con-exito-la-expo-sonora-de-ciencias-tecnologia-y-humanidades-2025\/","title":{"rendered":"Se realiza con \u00e9xito la Expo Sonora de Ciencias, Tecnolog\u00eda y Humanidades 2025"},"content":{"rendered":"<p>Hermosillo, Sonora; 26 de noviembre de 2025.\u2013 El Consejo Estatal de Ciencia y Tecnolog\u00eda (Coecyt), en coordinaci\u00f3n con la Secretar\u00eda de Educaci\u00f3n y Cultura (SEC), llev\u00f3 a cabo la Expo Sonora de Ciencias, Tecnolog\u00eda y Humanidades 2025, evento realizado en la Universidad de Sonora con la participaci\u00f3n de equipos provenientes de todo el estado.<\/p>\n<p>En esta edici\u00f3n se evaluaron 96 proyectos desarrollados por estudiantes de educaci\u00f3n media superior y superior, distribuidos en las categor\u00edas de agroindustria, ciencias b\u00e1sicas, ciencias sociales, ciencias ambientales, qu\u00edmica y biolog\u00eda, sistemas inform\u00e1ticos e ingenier\u00edas, destacando el impulso al talento cient\u00edfico y tecnol\u00f3gico juvenil.<\/p>\n<p>Como parte del programa de actividades, se imparti\u00f3 la conferencia magistral \u201c\u00bfC\u00f3mo vender tu proyecto?\u201d, brindando a las y los participantes herramientas para fortalecer sus capacidades de divulgaci\u00f3n, presentaci\u00f3n y gesti\u00f3n de proyectos.<\/p>\n<p>Se reconoci\u00f3 a los tres equipos ganadores de cada categor\u00eda, quienes destacaron por la originalidad, pertinencia e impacto de sus propuestas. Dichos equipos representar\u00e1n a Sonora en la Feria Mexicana de Ciencias e Ingenier\u00edas (Femeci) 2026, evento de car\u00e1cter nacional que se llevar\u00e1 a cabo en San Carlos, Sonora.<\/p>\n<p>Con acciones como esta, se reafirma el compromiso con la formaci\u00f3n cient\u00edfica de las nuevas generaciones y con la promoci\u00f3n de iniciativas que impulsan la innovaci\u00f3n y el desarrollo tecnol\u00f3gico en la entidad.<\/p>\n","protected":false},"excerpt":{"rendered":"<p>Hermosillo, Sonora; 26 de noviembre de 2025.\u2013 El Consejo Estatal de Ciencia y Tecnolog\u00eda (Coecyt), en coordinaci\u00f3n con la Secretar\u00eda de Educaci\u00f3n y Cultura (SEC), llev\u00f3 a cabo la Expo Sonora de Ciencias, Tecnolog\u00eda y Humanidades 2025, evento realizado en la Universidad de Sonora con la participaci\u00f3n de equipos provenientes de todo el estado. En [&hellip;]<\/p>\n","protected":false},"author":2,"featured_media":236246,"comment_status":"closed","ping_status":"closed","sticky":false,"template":"","format":"standard","meta":{"footnotes":""},"categories":[12870,178],"tags":[12865,12869],"class_list":["post-236245","post","type-post","status-publish","format-standard","has-post-thumbnail","hentry","category-destacadas","category-local","tag-destacadas","tag-local"],"jetpack_featured_media_url":"https:\/\/rnoticias.com.mx\/Portal\/wp-content\/uploads\/2025\/11\/unnamed-30.jpg","amp_enabled":true,"_links":{"self":[{"href":"https:\/\/rnoticias.com.mx\/Portal\/wp-json\/wp\/v2\/posts\/236245","targetHints":{"allow":["GET"]}}],"collection":[{"href":"https:\/\/rnoticias.com.mx\/Portal\/wp-json\/wp\/v2\/posts"}],"about":[{"href":"https:\/\/rnoticias.com.mx\/Portal\/wp-json\/wp\/v2\/types\/post"}],"author":[{"embeddable":true,"href":"https:\/\/rnoticias.com.mx\/Portal\/wp-json\/wp\/v2\/users\/2"}],"replies":[{"embeddable":true,"href":"https:\/\/rnoticias.com.mx\/Portal\/wp-json\/wp\/v2\/comments?post=236245"}],"version-history":[{"count":1,"href":"https:\/\/rnoticias.com.mx\/Portal\/wp-json\/wp\/v2\/posts\/236245\/revisions"}],"predecessor-version":[{"id":236247,"href":"https:\/\/rnoticias.com.mx\/Portal\/wp-json\/wp\/v2\/posts\/236245\/revisions\/236247"}],"wp:featuredmedia":[{"embeddable":true,"href":"https:\/\/rnoticias.com.mx\/Portal\/wp-json\/wp\/v2\/media\/236246"}],"wp:attachment":[{"href":"https:\/\/rnoticias.com.mx\/Portal\/wp-json\/wp\/v2\/media?parent=236245"}],"wp:term":[{"taxonomy":"category","embeddable":true,"href":"https:\/\/rnoticias.com.mx\/Portal\/wp-json\/wp\/v2\/categories?post=236245"},{"taxonomy":"post_tag","embeddable":true,"href":"https:\/\/rnoticias.com.mx\/Portal\/wp-json\/wp\/v2\/tags?post=236245"}],"curies":[{"name":"wp","href":"https:\/\/api.w.org\/{rel}","templated":true}]}}