{"id":236241,"date":"2025-11-25T20:32:13","date_gmt":"2025-11-26T03:32:13","guid":{"rendered":"https:\/\/rnoticias.com.mx\/Portal\/?p=236241"},"modified":"2025-11-25T20:32:13","modified_gmt":"2025-11-26T03:32:13","slug":"chocan-dos-camiones-en-hermosillo-y-uno-de-ellos-se-voltea-reportan-lesionados","status":"publish","type":"post","link":"https:\/\/rnoticias.com.mx\/Portal\/2025\/11\/25\/chocan-dos-camiones-en-hermosillo-y-uno-de-ellos-se-voltea-reportan-lesionados\/","title":{"rendered":"Chocan dos camiones en Hermosillo y uno de ellos se voltea; reportan lesionados"},"content":{"rendered":"<p class=\"ei-articleBody__StyledText-sc-1wmd47a-1 gXgyFY body-paragraph ei-article-body-text\">HERMOSILLO, Sonora.- \u2014 Un aparatoso choque volcamiento entre dos camiones del transporte urbano ocurri\u00f3 en la tarde de hoy en Luis Encinas y Y\u00e1\u00f1ez en la colonia Centro.De acuerdo a la informaci\u00f3n recabada en el lugar, los hechos ocurrieron hoy cerca de las 14:30 horas.<\/p>\n<p class=\"ei-articleBody__StyledText-sc-1wmd47a-1 gXgyFY body-paragraph ei-article-body-text\">Primeros reportes indican que la unidad SIT-0111 circulaba de Norte a Sur sobre la avenida Y\u00e1\u00f1ez cuando se impact\u00f3 contra otro cami\u00f3n urbano que iba de Oriente a Poniente, este \u00faltimo qued\u00f3 volcado sobre uno de sus costados.<\/p>\n<p class=\"ei-articleBody__StyledText-sc-1wmd47a-1 gXgyFY body-paragraph ei-article-body-text\"><b>Mart\u00edn Pacheco<\/b>, encargado del servicio por el Departamento de Bomberos, seis personas fueron trasladadas por ambulancias de Cruz Roja para atenci\u00f3n m\u00e9dica, una de ellas de gravedad.<\/p>\n<p class=\"ei-articleBody__StyledText-sc-1wmd47a-1 gXgyFY body-paragraph ei-article-body-text\">El bulevar Luis Encinas en este punto est\u00e1 cerrado a la circulaci\u00f3n, mientras se hacen las maniobras para el retiro de las unidades.<\/p>\n<p>&nbsp;<\/p>\n<p>Fuente: El Imparcial<\/p>\n","protected":false},"excerpt":{"rendered":"<p>HERMOSILLO, Sonora.- \u2014 Un aparatoso choque volcamiento entre dos camiones del transporte urbano ocurri\u00f3 en la tarde de hoy en Luis Encinas y Y\u00e1\u00f1ez en la colonia Centro.De acuerdo a la informaci\u00f3n recabada en el lugar, los hechos ocurrieron hoy cerca de las 14:30 horas. Primeros reportes indican que la unidad SIT-0111 circulaba de Norte [&hellip;]<\/p>\n","protected":false},"author":2,"featured_media":236242,"comment_status":"closed","ping_status":"closed","sticky":false,"template":"","format":"standard","meta":{"footnotes":""},"categories":[12870,178],"tags":[12865,12869],"class_list":["post-236241","post","type-post","status-publish","format-standard","has-post-thumbnail","hentry","category-destacadas","category-local","tag-destacadas","tag-local"],"jetpack_featured_media_url":"https:\/\/rnoticias.com.mx\/Portal\/wp-content\/uploads\/2025\/11\/video-1451126-snapshot.webp","amp_enabled":true,"_links":{"self":[{"href":"https:\/\/rnoticias.com.mx\/Portal\/wp-json\/wp\/v2\/posts\/236241","targetHints":{"allow":["GET"]}}],"collection":[{"href":"https:\/\/rnoticias.com.mx\/Portal\/wp-json\/wp\/v2\/posts"}],"about":[{"href":"https:\/\/rnoticias.com.mx\/Portal\/wp-json\/wp\/v2\/types\/post"}],"author":[{"embeddable":true,"href":"https:\/\/rnoticias.com.mx\/Portal\/wp-json\/wp\/v2\/users\/2"}],"replies":[{"embeddable":true,"href":"https:\/\/rnoticias.com.mx\/Portal\/wp-json\/wp\/v2\/comments?post=236241"}],"version-history":[{"count":1,"href":"https:\/\/rnoticias.com.mx\/Portal\/wp-json\/wp\/v2\/posts\/236241\/revisions"}],"predecessor-version":[{"id":236243,"href":"https:\/\/rnoticias.com.mx\/Portal\/wp-json\/wp\/v2\/posts\/236241\/revisions\/236243"}],"wp:featuredmedia":[{"embeddable":true,"href":"https:\/\/rnoticias.com.mx\/Portal\/wp-json\/wp\/v2\/media\/236242"}],"wp:attachment":[{"href":"https:\/\/rnoticias.com.mx\/Portal\/wp-json\/wp\/v2\/media?parent=236241"}],"wp:term":[{"taxonomy":"category","embeddable":true,"href":"https:\/\/rnoticias.com.mx\/Portal\/wp-json\/wp\/v2\/categories?post=236241"},{"taxonomy":"post_tag","embeddable":true,"href":"https:\/\/rnoticias.com.mx\/Portal\/wp-json\/wp\/v2\/tags?post=236241"}],"curies":[{"name":"wp","href":"https:\/\/api.w.org\/{rel}","templated":true}]}}