{"id":236207,"date":"2025-11-25T19:34:16","date_gmt":"2025-11-26T02:34:16","guid":{"rendered":"https:\/\/rnoticias.com.mx\/Portal\/?p=236207"},"modified":"2025-11-25T19:34:16","modified_gmt":"2025-11-26T02:34:16","slug":"llama-gobierno-de-hermosillo-a-realizar-un-buen-uso-de-paradas-refrigeradas","status":"publish","type":"post","link":"https:\/\/rnoticias.com.mx\/Portal\/2025\/11\/25\/llama-gobierno-de-hermosillo-a-realizar-un-buen-uso-de-paradas-refrigeradas\/","title":{"rendered":"Llama Gobierno de Hermosillo a realizar un buen uso de paradas refrigeradas"},"content":{"rendered":"<p><b data-olk-copy-source=\"MessageBody\">Hermosillo, Sonora, 25 de noviembre, 2025.-<\/b>\u00a0Un llamado a las y los usuarios del transporte p\u00fablico a hacer un buen uso de las paradas refrigeradas y denunciar el maltrato de las mismas realiz\u00f3 Carla Neudert C\u00f3rdova, directora de la Agencia Municipal de Energ\u00eda y Cambio Clim\u00e1tico, AMECC.<\/p>\n<p>La directora de Energ\u00eda expres\u00f3 que pueden denunciar al tel\u00e9fono de la AMECC 662 220 00 93, la l\u00ednea de Atenci\u00f3n Ciudadana 072 y la aplicaci\u00f3n Hermosillo Gob donde se agreg\u00f3 una opci\u00f3n especial para ello en el apartado de seguridad o en caso de vandalismo infraganti directamente a la l\u00ednea de emergencias 911.<\/p>\n<p>Manifest\u00f3 que desafortunadamente han detectado mal uso de las mismas, identificando vandalismo en la ubicada en bulevar Luis Encinas esquina con Ures, por lo cual se coordinan con la Jefatura de Polic\u00eda y Tr\u00e1nsito Municipal para fortalecer la vigilancia aunado al sistema de c\u00e1maras de seguridad con las que cuentan las paradas H.<\/p>\n<p>Las paradas est\u00e1n ubicadas en Leona Vicario, en calle Pino Su\u00e1rez entre Monterrey y Avenida Plutarco El\u00edas Calles; Unison Norte, en Luis Encinas entre Reyes y Navarrete (frente a Hospital); Unison Sur, en Luis Encinas entre Reyes y Navarrete (junto a puente peatonal); Ley Vado del R\u00edo, en bulevar Solidaridad, entre Avenida de la Cultura y Paseo R\u00edo San Miguel; en Luis Encinas esquina con Ures; Soriana Progreso, en Solidaridad entre Progreso y calle Mineral; Morelos, entre Ponciano Arriaga e Ignacio Mariscal; Colosio entre Las Quintas y Solidaridad; Vild\u00f3sola, entre Carlos Balderrama y Ni\u00f1os H\u00e9roes; y Solidaridad \u00a0Avenida de los Mochis, precis\u00f3 Neudert C\u00f3rdova.<\/p>\n<p>Todas cuentan con videovigilancia 24\/7, refrigeraci\u00f3n, internet wifi, visualizaci\u00f3n de rutas en tiempo real, m\u00f3dulos de recarga de tel\u00e9fonos m\u00f3viles y un sem\u00e1foro que alerta a los choferes de transporte urbano cuando hay dentro personas esperando una unidad, a fin de que con tiempo se detengan para dar el servicio a quienes lo requieran.<\/p>\n","protected":false},"excerpt":{"rendered":"<p>Hermosillo, Sonora, 25 de noviembre, 2025.-\u00a0Un llamado a las y los usuarios del transporte p\u00fablico a hacer un buen uso de las paradas refrigeradas y denunciar el maltrato de las mismas realiz\u00f3 Carla Neudert C\u00f3rdova, directora de la Agencia Municipal de Energ\u00eda y Cambio Clim\u00e1tico, AMECC. La directora de Energ\u00eda expres\u00f3 que pueden denunciar al [&hellip;]<\/p>\n","protected":false},"author":2,"featured_media":236208,"comment_status":"closed","ping_status":"closed","sticky":false,"template":"","format":"standard","meta":{"footnotes":""},"categories":[12870,178],"tags":[12865,12869],"class_list":["post-236207","post","type-post","status-publish","format-standard","has-post-thumbnail","hentry","category-destacadas","category-local","tag-destacadas","tag-local"],"jetpack_featured_media_url":"https:\/\/rnoticias.com.mx\/Portal\/wp-content\/uploads\/2025\/11\/1-3-1-scaled.jpeg","amp_enabled":true,"_links":{"self":[{"href":"https:\/\/rnoticias.com.mx\/Portal\/wp-json\/wp\/v2\/posts\/236207","targetHints":{"allow":["GET"]}}],"collection":[{"href":"https:\/\/rnoticias.com.mx\/Portal\/wp-json\/wp\/v2\/posts"}],"about":[{"href":"https:\/\/rnoticias.com.mx\/Portal\/wp-json\/wp\/v2\/types\/post"}],"author":[{"embeddable":true,"href":"https:\/\/rnoticias.com.mx\/Portal\/wp-json\/wp\/v2\/users\/2"}],"replies":[{"embeddable":true,"href":"https:\/\/rnoticias.com.mx\/Portal\/wp-json\/wp\/v2\/comments?post=236207"}],"version-history":[{"count":1,"href":"https:\/\/rnoticias.com.mx\/Portal\/wp-json\/wp\/v2\/posts\/236207\/revisions"}],"predecessor-version":[{"id":236209,"href":"https:\/\/rnoticias.com.mx\/Portal\/wp-json\/wp\/v2\/posts\/236207\/revisions\/236209"}],"wp:featuredmedia":[{"embeddable":true,"href":"https:\/\/rnoticias.com.mx\/Portal\/wp-json\/wp\/v2\/media\/236208"}],"wp:attachment":[{"href":"https:\/\/rnoticias.com.mx\/Portal\/wp-json\/wp\/v2\/media?parent=236207"}],"wp:term":[{"taxonomy":"category","embeddable":true,"href":"https:\/\/rnoticias.com.mx\/Portal\/wp-json\/wp\/v2\/categories?post=236207"},{"taxonomy":"post_tag","embeddable":true,"href":"https:\/\/rnoticias.com.mx\/Portal\/wp-json\/wp\/v2\/tags?post=236207"}],"curies":[{"name":"wp","href":"https:\/\/api.w.org\/{rel}","templated":true}]}}