{"id":236201,"date":"2025-11-25T19:24:31","date_gmt":"2025-11-26T02:24:31","guid":{"rendered":"https:\/\/rnoticias.com.mx\/Portal\/?p=236201"},"modified":"2025-11-25T19:24:31","modified_gmt":"2025-11-26T02:24:31","slug":"organizaciones-y-colectivos-feministas-marchan-este-25n-en-la-cdmx","status":"publish","type":"post","link":"https:\/\/rnoticias.com.mx\/Portal\/2025\/11\/25\/organizaciones-y-colectivos-feministas-marchan-este-25n-en-la-cdmx\/","title":{"rendered":"Organizaciones y colectivos feministas marchan este 25N en la CDMX"},"content":{"rendered":"<p><strong>La tarde de este 25 de noviembre, activistas, organizaciones civiles y colectivas feministas marchar\u00e1n en la Ciudad de M\u00e9xico<\/strong>\u00a0y en distintas entidades federativas para exhortar a combatir la inseguridad y\u00a0violencia contra las mujeres.<\/p>\n<p>En esta fecha se conmemora el\u00a0<strong>D\u00eda Internacional para la Erradicaci\u00f3n de la Violencia contra la Mujer\u00a0y se prev\u00e9 que las participantes se movilicen en contra de los feminicidios, las desapariciones y el machismo en M\u00e9xico.<\/strong><\/p>\n<p>Desde ayer lunes, autoridades blindaron per\u00edmetros del\u00a0Z\u00f3calo capitalino\u00a0con vallas, para retener las movilizaciones programadas para este 25N.<\/p>\n<p>La movilizaci\u00f3n por el 25N\u00a0<strong>recorrer\u00e1 el trayecto del \u00c1ngel de la Independencia y el Monumento a la Revoluci\u00f3n rumbo al Z\u00f3calo capitalino.<\/strong><\/p>\n<p>Mientras, la SSC CDMX indic\u00f3 que en el operativo participar\u00e1n\u00a0<strong>600 mujeres polic\u00edas<\/strong>, quienes dar\u00e1n acompa\u00f1amiento a la distancia y portar\u00e1n \u00fanicamente su equipo de protecci\u00f3n personal.<\/p>\n<p>&nbsp;<\/p>\n<p>Fuente: El Universal<\/p>\n","protected":false},"excerpt":{"rendered":"<p>La tarde de este 25 de noviembre, activistas, organizaciones civiles y colectivas feministas marchar\u00e1n en la Ciudad de M\u00e9xico\u00a0y en distintas entidades federativas para exhortar a combatir la inseguridad y\u00a0violencia contra las mujeres. En esta fecha se conmemora el\u00a0D\u00eda Internacional para la Erradicaci\u00f3n de la Violencia contra la Mujer\u00a0y se prev\u00e9 que las participantes se [&hellip;]<\/p>\n","protected":false},"author":2,"featured_media":236202,"comment_status":"closed","ping_status":"closed","sticky":false,"template":"","format":"standard","meta":{"footnotes":""},"categories":[12870,172],"tags":[12865,12874],"class_list":["post-236201","post","type-post","status-publish","format-standard","has-post-thumbnail","hentry","category-destacadas","category-nacional","tag-destacadas","tag-nacional"],"jetpack_featured_media_url":"https:\/\/rnoticias.com.mx\/Portal\/wp-content\/uploads\/2025\/11\/descarga-14.jpeg","amp_enabled":true,"_links":{"self":[{"href":"https:\/\/rnoticias.com.mx\/Portal\/wp-json\/wp\/v2\/posts\/236201","targetHints":{"allow":["GET"]}}],"collection":[{"href":"https:\/\/rnoticias.com.mx\/Portal\/wp-json\/wp\/v2\/posts"}],"about":[{"href":"https:\/\/rnoticias.com.mx\/Portal\/wp-json\/wp\/v2\/types\/post"}],"author":[{"embeddable":true,"href":"https:\/\/rnoticias.com.mx\/Portal\/wp-json\/wp\/v2\/users\/2"}],"replies":[{"embeddable":true,"href":"https:\/\/rnoticias.com.mx\/Portal\/wp-json\/wp\/v2\/comments?post=236201"}],"version-history":[{"count":1,"href":"https:\/\/rnoticias.com.mx\/Portal\/wp-json\/wp\/v2\/posts\/236201\/revisions"}],"predecessor-version":[{"id":236203,"href":"https:\/\/rnoticias.com.mx\/Portal\/wp-json\/wp\/v2\/posts\/236201\/revisions\/236203"}],"wp:featuredmedia":[{"embeddable":true,"href":"https:\/\/rnoticias.com.mx\/Portal\/wp-json\/wp\/v2\/media\/236202"}],"wp:attachment":[{"href":"https:\/\/rnoticias.com.mx\/Portal\/wp-json\/wp\/v2\/media?parent=236201"}],"wp:term":[{"taxonomy":"category","embeddable":true,"href":"https:\/\/rnoticias.com.mx\/Portal\/wp-json\/wp\/v2\/categories?post=236201"},{"taxonomy":"post_tag","embeddable":true,"href":"https:\/\/rnoticias.com.mx\/Portal\/wp-json\/wp\/v2\/tags?post=236201"}],"curies":[{"name":"wp","href":"https:\/\/api.w.org\/{rel}","templated":true}]}}