{"id":236198,"date":"2025-11-25T19:22:43","date_gmt":"2025-11-26T02:22:43","guid":{"rendered":"https:\/\/rnoticias.com.mx\/Portal\/?p=236198"},"modified":"2025-11-25T19:22:43","modified_gmt":"2025-11-26T02:22:43","slug":"icc-de-mexico-advierte-de-riesgos-y-oportunidades-por-la-revision-del-t-mec","status":"publish","type":"post","link":"https:\/\/rnoticias.com.mx\/Portal\/2025\/11\/25\/icc-de-mexico-advierte-de-riesgos-y-oportunidades-por-la-revision-del-t-mec\/","title":{"rendered":"ICC de M\u00e9xico advierte de riesgos y oportunidades por la revisi\u00f3n del T-MEC"},"content":{"rendered":"<p><strong>La International Chamber of Commerce M\u00e9xico<\/strong>\u00a0(ICC M\u00e9xico) advirti\u00f3 este martes que el proceso de revisi\u00f3n formal del Tratado entre M\u00e9xico, Estados Unidos y Canad\u00e1 (T-MEC), en julio de 2026, ser\u00e1 determinante para preservar la certidumbre jur\u00eddica, la integraci\u00f3n productiva y millones de empleos vinculados al acuerdo en el pa\u00eds.<\/p>\n<p>En un comunicado, la<strong>\u00a0ICC record\u00f3 que present\u00f3 recientemente a la Secretar\u00eda de Econom\u00eda una propuesta integral de ajustes al tratado, con el objetivo de reforzar la facilitaci\u00f3n comercial y mejorar las condiciones para atraer inversi\u00f3n en un entorno global marcado por tensiones geopol\u00edticas, riesgos proteccionistas y exigencias tecnol\u00f3gicas crecientes.<\/strong><\/p>\n<p>Se\u00f1al\u00f3 que desde la entrada en vigor del TLCAN en 1994 y posteriormente del T-MEC en 2020, M\u00e9xico ha consolidado una econom\u00eda cada vez m\u00e1s integrada a Norteam\u00e9rica, lo que impuls\u00f3 la llegada de capitales, la expansi\u00f3n manufacturera y la creaci\u00f3n de empleos.<\/p>\n<p>De acuerdo con ICC M\u00e9xico, el resultado de la revisi\u00f3n de 2026 ser\u00e1 decisivo para que el pa\u00eds mantenga su posici\u00f3n como potencia exportadora y destino de relocalizaci\u00f3n empresarial.<\/p>\n<p><strong>Sin embargo, un an\u00e1lisis t\u00e9cnico elaborado por 17 comit\u00e9s de la c\u00e1mara advierte que la revisi\u00f3n ocurrir\u00e1 en un ambiente lleno de riesgos.<\/strong><\/p>\n<p>Entre ellos, posibles reformas aduaneras que eleven costos, presiones proteccionistas en Estados Unidos, incertidumbre regulatoria en sectores estrat\u00e9gicos como energ\u00eda, divergencias en reglas de origen automotriz y preocupaciones sobre los mecanismos de soluci\u00f3n de controversias en un contexto de cambios recientes en el Poder Judicial mexicano.<\/p>\n<p>Riesgos estrat\u00e9gicos<\/p>\n<p>La ICC M\u00e9xico urgi\u00f3 al Gobierno a atender dos amenazas que\u00a0<strong>considera \u201ccr\u00edticas\u201d para el futuro del tratado. La primera es una eventual modificaci\u00f3n de la cl\u00e1usula de caducidad o \u201csunset clause\u201d, cuya alteraci\u00f3n podr\u00eda permitir la terminaci\u00f3n autom\u00e1tica del acuerdo sin periodos de transici\u00f3n.<\/strong><\/p>\n<p>Ello generar\u00eda, se\u00f1al\u00f3,<strong>\u00a0\u201cun impacto inconmensurable\u201d\u00a0<\/strong>en cadenas de suministro e inversiones de la regi\u00f3n, cuyo comercio conjunto supera los 2 billones de d\u00f3lares anuales.<\/p>\n<p>El segundo riesgo es cualquier debilitamiento del cap\u00edtulo de comercio digital, considerado esencial para la integraci\u00f3n tecnol\u00f3gica de Norteam\u00e9rica. Cambios restrictivos, alert\u00f3, podr\u00edan comprometer la innovaci\u00f3n y la competitividad regional.<\/p>\n<p>Propuestas empresariales<\/p>\n<p>La c\u00e1mara plante\u00f3 adem\u00e1s mejoras en materia aduanera, competencia econ\u00f3mica, econom\u00eda digital, protecci\u00f3n de datos, medio ambiente, energ\u00eda y soluci\u00f3n de controversias.<\/p>\n<p><strong>Entre las recomendaciones destacan fortalecer la Ventanilla \u00danica de Comercio Exterior, armonizar criterios antimonopolio con Estados Unidos y Canad\u00e1, asegurar el libre flujo transfronterizo de datos, establecer obligaciones ambientales compartidas y evitar el regreso a mecanismos de paneles inoperables.<\/strong><\/p>\n<p>ICC M\u00e9xico subray\u00f3 que el pa\u00eds debe negociar desde una \u201cvisi\u00f3n estrat\u00e9gica\u201d y con coordinaci\u00f3n entre Gobierno, iniciativa privada y Congreso.<\/p>\n<p>Como propuestas transversales, plante\u00f3 reforzar el Estado de derecho dentro del tratado, actualizar el cap\u00edtulo digital incluyendo est\u00e1ndares de inteligencia artificial y profundizar el apoyo a sectores como semiconductores, energ\u00edas limpias y automotriz.<\/p>\n<p>Finalmente, adelant\u00f3 que trabajar\u00e1 con sus cap\u00edtulos en Canad\u00e1 y Estados Unidos para impulsar la extensi\u00f3n del acuerdo trilateral y fortalecer la resiliencia regional frente a la competencia global, especialmente de China, Asia y Europa.<\/p>\n<p>&nbsp;<\/p>\n<p>Fuente: EFE<\/p>\n","protected":false},"excerpt":{"rendered":"<p>La International Chamber of Commerce M\u00e9xico\u00a0(ICC M\u00e9xico) advirti\u00f3 este martes que el proceso de revisi\u00f3n formal del Tratado entre M\u00e9xico, Estados Unidos y Canad\u00e1 (T-MEC), en julio de 2026, ser\u00e1 determinante para preservar la certidumbre jur\u00eddica, la integraci\u00f3n productiva y millones de empleos vinculados al acuerdo en el pa\u00eds. En un comunicado, la\u00a0ICC record\u00f3 que [&hellip;]<\/p>\n","protected":false},"author":2,"featured_media":236199,"comment_status":"closed","ping_status":"closed","sticky":false,"template":"","format":"standard","meta":{"footnotes":""},"categories":[12870,172],"tags":[12865,12874],"class_list":["post-236198","post","type-post","status-publish","format-standard","has-post-thumbnail","hentry","category-destacadas","category-nacional","tag-destacadas","tag-nacional"],"jetpack_featured_media_url":"https:\/\/rnoticias.com.mx\/Portal\/wp-content\/uploads\/2025\/11\/banderas_canada_estados_unidos_y_mexico.webp","amp_enabled":true,"_links":{"self":[{"href":"https:\/\/rnoticias.com.mx\/Portal\/wp-json\/wp\/v2\/posts\/236198","targetHints":{"allow":["GET"]}}],"collection":[{"href":"https:\/\/rnoticias.com.mx\/Portal\/wp-json\/wp\/v2\/posts"}],"about":[{"href":"https:\/\/rnoticias.com.mx\/Portal\/wp-json\/wp\/v2\/types\/post"}],"author":[{"embeddable":true,"href":"https:\/\/rnoticias.com.mx\/Portal\/wp-json\/wp\/v2\/users\/2"}],"replies":[{"embeddable":true,"href":"https:\/\/rnoticias.com.mx\/Portal\/wp-json\/wp\/v2\/comments?post=236198"}],"version-history":[{"count":1,"href":"https:\/\/rnoticias.com.mx\/Portal\/wp-json\/wp\/v2\/posts\/236198\/revisions"}],"predecessor-version":[{"id":236200,"href":"https:\/\/rnoticias.com.mx\/Portal\/wp-json\/wp\/v2\/posts\/236198\/revisions\/236200"}],"wp:featuredmedia":[{"embeddable":true,"href":"https:\/\/rnoticias.com.mx\/Portal\/wp-json\/wp\/v2\/media\/236199"}],"wp:attachment":[{"href":"https:\/\/rnoticias.com.mx\/Portal\/wp-json\/wp\/v2\/media?parent=236198"}],"wp:term":[{"taxonomy":"category","embeddable":true,"href":"https:\/\/rnoticias.com.mx\/Portal\/wp-json\/wp\/v2\/categories?post=236198"},{"taxonomy":"post_tag","embeddable":true,"href":"https:\/\/rnoticias.com.mx\/Portal\/wp-json\/wp\/v2\/tags?post=236198"}],"curies":[{"name":"wp","href":"https:\/\/api.w.org\/{rel}","templated":true}]}}