{"id":236192,"date":"2025-11-25T19:19:50","date_gmt":"2025-11-26T02:19:50","guid":{"rendered":"https:\/\/rnoticias.com.mx\/Portal\/?p=236192"},"modified":"2025-11-25T19:19:50","modified_gmt":"2025-11-26T02:19:50","slug":"anuncia-tono-astiazaran-fondo-para-apoyar-a-emprendedores-al-inaugurar-la-semana-de-la-innovacion-ctrlh","status":"publish","type":"post","link":"https:\/\/rnoticias.com.mx\/Portal\/2025\/11\/25\/anuncia-tono-astiazaran-fondo-para-apoyar-a-emprendedores-al-inaugurar-la-semana-de-la-innovacion-ctrlh\/","title":{"rendered":"Anuncia To\u00f1o Astiazar\u00e1n fondo para apoyar a emprendedores al inaugurar la Semana de la Innovaci\u00f3n Ctrl+H"},"content":{"rendered":"<p>Hermosillo, Sonora; 25 de noviembre, 2025.- El presidente municipal Antonio Astiazar\u00e1n Guti\u00e9rrez anunci\u00f3 durante la inauguraci\u00f3n de la Semana de la Innovaci\u00f3n Ctrl+H que, en alianza con la organizaci\u00f3n \u201cHermosillo \u00bfC\u00f3mo Vamos?, prepara un fondo para emprendedores que financiar\u00e1 iniciativas innovadoras.<\/p>\n<p>\u201cIdeas que de aqu\u00ed surjan, de desarrollo de aplicaciones m\u00f3viles, de plataformas tecnol\u00f3gicas, por supuesto de elaboraci\u00f3n de productos relacionados con el Hardware, van a poder encontrar el capital semilla, en una alianza que estamos haciendo con Hermosillo \u00bfC\u00f3mo Vamos?, para encontrar un fondo de 2 millones de pesos, un mill\u00f3n lo vamos a aportar nosotros y otro empresas relacionadas con Hermosillo \u00bfC\u00f3mo Vamos? para poder hacer realidad los sue\u00f1os que nos estamos proponiendo\u201d, revel\u00f3.<\/p>\n<p>En la Semana de la Innovaci\u00f3n Ctrl+H, del 25 al 28 de noviembre, participan ponentes y talleristas colaboradores de empresas como AWS heros, Google Developer Experts, Amazon, IBM, BAT, Finastra y expertos en rob\u00f3tica de Jap\u00f3n.<\/p>\n<p>\u201cTan creemos en la innovaci\u00f3n y en el talento que tenemos en Hermosillo que yo estoy seguro que este comando de Ctrl+H nos va a llevar muy lejos en los pr\u00f3ximos a\u00f1os\u201d, afirm\u00f3.<\/p>\n<p>Es un espacio para el conocimiento de tecnolog\u00edas emergentes, el aprendizaje de nuevas herramientas y la conexi\u00f3n de j\u00f3venes talentos con l\u00edderes de la industria tecnol\u00f3gica mediante temas como Desarrollo de Producto; Emprendimiento Tech y Conciencia Social; Inteligencia Artificial y Ciencia de Datos; Nube y Ecosistemas de Desarrollo y Semiconductores y Rob\u00f3tica.<\/p>\n<p>To\u00f1o Astiazar\u00e1n hizo notar la participaci\u00f3n en el programa de empresas que han logrado romper barreras y ser reconocidas a nivel internacional, as\u00ed como personas que se han convertido en expertas en innovaci\u00f3n y tecnolog\u00eda, quienes compartir\u00e1n sus experiencias con las y los asistentes los 4 d\u00edas de actividades de la Semana de la Innovaci\u00f3n.<\/p>\n<p>Los trabajos incluyen el panel \u201cAtracci\u00f3n de inversi\u00f3n y talento en tecnolog\u00edas emergentes\u201d con Jos\u00e9 Miguel Cortes, de 1200 VC. y Mauricio Mora, de InStrag, como panelistas, as\u00ed como Oscar Gast\u00e9lum Donnadieu como moderador.<\/p>\n<p>En la inauguraci\u00f3n estuvieron Oscar Gast\u00e9lum Donnadieu, director de la Agencia Municipal de Desarrollo Econ\u00f3mico (AMDE); Oscar Medrano, l\u00edder de Crecimiento de Kolab Ventum y Joel Enrique Espejel Blanco, director de Vinculaci\u00f3n de la Universidad de Sonora.<\/p>\n<p>El evento congrega a 28 ponentes nacionales e internacionales, entre ellos Ignacio Mend\u00edvil de Firmamex, quien charlar\u00e1 sobre el tema \u201cEmprendimiento Tecnol\u00f3gico en la era de la IA\u201d, as\u00ed como Moris Dieck y Andr\u00e9s Garza, expertos en negocios como conferencistas.<\/p>\n<p>Adem\u00e1s del panel \u201cAtracci\u00f3n de inversi\u00f3n y talento en tecnolog\u00edas emergentes\u201d, en el que compartir\u00e1n sus conocimientos y experiencias Jos\u00e9 Miguel Cortes, de 1200 VC. y Mauricio Mora, de InStrag.<\/p>\n<p>Las actividades tendr\u00e1n lugar en instalaciones del Departamento de Matem\u00e1ticas y Centro de las Artes de la Universidad de Sonora y en parque La Ruina.<\/p>\n","protected":false},"excerpt":{"rendered":"<p>Hermosillo, Sonora; 25 de noviembre, 2025.- El presidente municipal Antonio Astiazar\u00e1n Guti\u00e9rrez anunci\u00f3 durante la inauguraci\u00f3n de la Semana de la Innovaci\u00f3n Ctrl+H que, en alianza con la organizaci\u00f3n \u201cHermosillo \u00bfC\u00f3mo Vamos?, prepara un fondo para emprendedores que financiar\u00e1 iniciativas innovadoras. \u201cIdeas que de aqu\u00ed surjan, de desarrollo de aplicaciones m\u00f3viles, de plataformas tecnol\u00f3gicas, por [&hellip;]<\/p>\n","protected":false},"author":2,"featured_media":236193,"comment_status":"closed","ping_status":"closed","sticky":false,"template":"","format":"standard","meta":{"footnotes":""},"categories":[12870,178],"tags":[12865,12869],"class_list":["post-236192","post","type-post","status-publish","format-standard","has-post-thumbnail","hentry","category-destacadas","category-local","tag-destacadas","tag-local"],"jetpack_featured_media_url":"https:\/\/rnoticias.com.mx\/Portal\/wp-content\/uploads\/2025\/11\/22.jpg","amp_enabled":true,"_links":{"self":[{"href":"https:\/\/rnoticias.com.mx\/Portal\/wp-json\/wp\/v2\/posts\/236192","targetHints":{"allow":["GET"]}}],"collection":[{"href":"https:\/\/rnoticias.com.mx\/Portal\/wp-json\/wp\/v2\/posts"}],"about":[{"href":"https:\/\/rnoticias.com.mx\/Portal\/wp-json\/wp\/v2\/types\/post"}],"author":[{"embeddable":true,"href":"https:\/\/rnoticias.com.mx\/Portal\/wp-json\/wp\/v2\/users\/2"}],"replies":[{"embeddable":true,"href":"https:\/\/rnoticias.com.mx\/Portal\/wp-json\/wp\/v2\/comments?post=236192"}],"version-history":[{"count":1,"href":"https:\/\/rnoticias.com.mx\/Portal\/wp-json\/wp\/v2\/posts\/236192\/revisions"}],"predecessor-version":[{"id":236194,"href":"https:\/\/rnoticias.com.mx\/Portal\/wp-json\/wp\/v2\/posts\/236192\/revisions\/236194"}],"wp:featuredmedia":[{"embeddable":true,"href":"https:\/\/rnoticias.com.mx\/Portal\/wp-json\/wp\/v2\/media\/236193"}],"wp:attachment":[{"href":"https:\/\/rnoticias.com.mx\/Portal\/wp-json\/wp\/v2\/media?parent=236192"}],"wp:term":[{"taxonomy":"category","embeddable":true,"href":"https:\/\/rnoticias.com.mx\/Portal\/wp-json\/wp\/v2\/categories?post=236192"},{"taxonomy":"post_tag","embeddable":true,"href":"https:\/\/rnoticias.com.mx\/Portal\/wp-json\/wp\/v2\/tags?post=236192"}],"curies":[{"name":"wp","href":"https:\/\/api.w.org\/{rel}","templated":true}]}}