{"id":236189,"date":"2025-11-25T19:18:51","date_gmt":"2025-11-26T02:18:51","guid":{"rendered":"https:\/\/rnoticias.com.mx\/Portal\/?p=236189"},"modified":"2025-11-25T19:18:51","modified_gmt":"2025-11-26T02:18:51","slug":"ine-reafirma-su-compromiso-con-elecciones-transparentes-y-cercanas-al-interes-de-la-ciudadania","status":"publish","type":"post","link":"https:\/\/rnoticias.com.mx\/Portal\/2025\/11\/25\/ine-reafirma-su-compromiso-con-elecciones-transparentes-y-cercanas-al-interes-de-la-ciudadania\/","title":{"rendered":"INE reafirma su compromiso con elecciones transparentes y cercanas al inter\u00e9s de la ciudadan\u00eda"},"content":{"rendered":"<p class=\"x_MsoNormal\"><span data-olk-copy-source=\"MessageBody\">El Instituto Nacional Electoral (INE) particip\u00f3 en la Jornada de Conferencias \u201cConstruyendo la Elecci\u00f3n Judicial Local en Guanajuato\u201d, organizada por el Instituto Electoral del Estado de Guanajuato, donde se compartieron experiencias, m\u00e9todos y aprendizajes relacionados con el uso y la armonizaci\u00f3n del marco geogr\u00e1fico electoral para la organizaci\u00f3n de los procesos judiciales extraordinarios.<\/span><\/p>\n<p class=\"x_MsoNormal\">\n<p class=\"x_MsoNormal\">Durante el encuentro, se resalt\u00f3 la importancia de contar con una geograf\u00eda electoral clara, ordenada y compatible con la estructura judicial, elemento indispensable para garantizar elecciones t\u00e9cnicamente s\u00f3lidas, equitativas y cercanas a la ciudadan\u00eda.<\/p>\n<p class=\"x_MsoNormal\">\n<p class=\"x_MsoNormal\">El INE subray\u00f3 que estos trabajos tienen como prop\u00f3sito asegurar que cada persona pueda ejercer su derecho al voto con plena confianza, entendiendo la relevancia de su participaci\u00f3n en un entorno seguro y organizado.<\/p>\n<p class=\"x_MsoNormal\">\n<p class=\"x_MsoNormal\">En representaci\u00f3n del Instituto Nacional Electoral, estuvieron presentes Alejandro Sosa Dur\u00e1n, Director Ejecutivo del Registro Federal de Electores, as\u00ed como Pedro Pablo Chirinos, Encargado de Despacho de la Unidad T\u00e9cnica de Vinculaci\u00f3n con los Organismos P\u00fablicos Locales, quienes expusieron los retos que surgieron al armonizar la geograf\u00eda electoral con la judicial, especialmente en entidades que comparten municipios dentro de un mismo circuito.<\/p>\n<p class=\"x_MsoNormal\">\n<p class=\"x_MsoNormal\">El an\u00e1lisis permiti\u00f3 concentrar esfuerzos en zonas estrat\u00e9gicas y asegurar la instalaci\u00f3n de casillas de manera eficiente y equitativa.<\/p>\n<p class=\"x_MsoNormal\">\n<p class=\"x_MsoNormal\">Entre los aportes presentados, se detallaron los criterios utilizados para la creaci\u00f3n de 60 distritos electorales judiciales, una innovaci\u00f3n orientada a fortalecer la organizaci\u00f3n de los comicios y garantizar la adecuada integraci\u00f3n de cargos por especialidad. Gracias a este m\u00e9todo, se logr\u00f3 una distribuci\u00f3n equilibrada que facilit\u00f3 el ejercicio del voto y la comprensi\u00f3n de la estructura judicial aplicable en cada regi\u00f3n.<\/p>\n<p class=\"x_MsoNormal\">\n<p class=\"x_MsoNormal\">La participaci\u00f3n del funcionariado del INE en este espacio reafirma su compromiso con el fortalecimiento de la democracia, la legalidad y la transparencia.<\/p>\n","protected":false},"excerpt":{"rendered":"<p>El Instituto Nacional Electoral (INE) particip\u00f3 en la Jornada de Conferencias \u201cConstruyendo la Elecci\u00f3n Judicial Local en Guanajuato\u201d, organizada por el Instituto Electoral del Estado de Guanajuato, donde se compartieron experiencias, m\u00e9todos y aprendizajes relacionados con el uso y la armonizaci\u00f3n del marco geogr\u00e1fico electoral para la organizaci\u00f3n de los procesos judiciales extraordinarios. Durante el [&hellip;]<\/p>\n","protected":false},"author":2,"featured_media":236190,"comment_status":"closed","ping_status":"closed","sticky":false,"template":"","format":"standard","meta":{"footnotes":""},"categories":[12870,12868],"tags":[12865,12879],"class_list":["post-236189","post","type-post","status-publish","format-standard","has-post-thumbnail","hentry","category-destacadas","category-politica","tag-destacadas","tag-politica"],"jetpack_featured_media_url":"https:\/\/rnoticias.com.mx\/Portal\/wp-content\/uploads\/2025\/11\/INE-1024x530-1.png","amp_enabled":true,"_links":{"self":[{"href":"https:\/\/rnoticias.com.mx\/Portal\/wp-json\/wp\/v2\/posts\/236189","targetHints":{"allow":["GET"]}}],"collection":[{"href":"https:\/\/rnoticias.com.mx\/Portal\/wp-json\/wp\/v2\/posts"}],"about":[{"href":"https:\/\/rnoticias.com.mx\/Portal\/wp-json\/wp\/v2\/types\/post"}],"author":[{"embeddable":true,"href":"https:\/\/rnoticias.com.mx\/Portal\/wp-json\/wp\/v2\/users\/2"}],"replies":[{"embeddable":true,"href":"https:\/\/rnoticias.com.mx\/Portal\/wp-json\/wp\/v2\/comments?post=236189"}],"version-history":[{"count":1,"href":"https:\/\/rnoticias.com.mx\/Portal\/wp-json\/wp\/v2\/posts\/236189\/revisions"}],"predecessor-version":[{"id":236191,"href":"https:\/\/rnoticias.com.mx\/Portal\/wp-json\/wp\/v2\/posts\/236189\/revisions\/236191"}],"wp:featuredmedia":[{"embeddable":true,"href":"https:\/\/rnoticias.com.mx\/Portal\/wp-json\/wp\/v2\/media\/236190"}],"wp:attachment":[{"href":"https:\/\/rnoticias.com.mx\/Portal\/wp-json\/wp\/v2\/media?parent=236189"}],"wp:term":[{"taxonomy":"category","embeddable":true,"href":"https:\/\/rnoticias.com.mx\/Portal\/wp-json\/wp\/v2\/categories?post=236189"},{"taxonomy":"post_tag","embeddable":true,"href":"https:\/\/rnoticias.com.mx\/Portal\/wp-json\/wp\/v2\/tags?post=236189"}],"curies":[{"name":"wp","href":"https:\/\/api.w.org\/{rel}","templated":true}]}}