{"id":236182,"date":"2025-11-25T18:32:14","date_gmt":"2025-11-26T01:32:14","guid":{"rendered":"https:\/\/rnoticias.com.mx\/Portal\/?p=236182"},"modified":"2025-11-25T18:32:14","modified_gmt":"2025-11-26T01:32:14","slug":"iluminacion-navidena-embellece-plazas-y-jardines-de-hermosillo","status":"publish","type":"post","link":"https:\/\/rnoticias.com.mx\/Portal\/2025\/11\/25\/iluminacion-navidena-embellece-plazas-y-jardines-de-hermosillo\/","title":{"rendered":"Iluminaci\u00f3n navide\u00f1a embellece plazas y jardines de Hermosillo"},"content":{"rendered":"<p>Hermosillo, Sonora. La Agencia Municipal de Energ\u00eda y Cambio Clim\u00e1tico (Amecc) ha iniciado con la instalado de la iluminaci\u00f3n navide\u00f1a en diversas plazas y parques de la ciudad, con decoraciones que incluyen pinos, esferas, guirnaldas, figuras iluminadas, luces y arcos para fotograf\u00edas.<\/p>\n<p>&nbsp;<\/p>\n<p>En Plaza Zaragoza destaca la instalaci\u00f3n de un pino de 15 metros, techo de luces, villa navide\u00f1a y \u00e1ngeles trompetistas. El kiosko cuenta con luces c\u00e1lidas, techo de lluvia de luces, oso iluminado y cascanueces.<\/p>\n<p>&nbsp;<\/p>\n<p>En el Bulevar Hidalgo y camellones se colocar\u00e1n \u00e1rboles iluminados, t\u00faneles peatonal y vehicular, alas para fotos y coronas decoradas. En la Plaza Alonso Vidal y Parque Madero habr\u00e1 tambi\u00e9n presencia de pinos, bastones, figuras, letras navide\u00f1as y estrellas.<\/p>\n<p>&nbsp;<\/p>\n<p>En el Poblado Miguel Alem\u00e1n y Jard\u00edn Ju\u00e1rez tambi\u00e9n en pocos d\u00edas se colocar\u00e1n pinos y villas iluminadas, renos y mo\u00f1os, ofreciendo un ambiente festivo seguro y atractivo para toda la comunidad.<\/p>\n<p>&nbsp;<\/p>\n","protected":false},"excerpt":{"rendered":"<p>Hermosillo, Sonora. La Agencia Municipal de Energ\u00eda y Cambio Clim\u00e1tico (Amecc) ha iniciado con la instalado de la iluminaci\u00f3n navide\u00f1a en diversas plazas y parques de la ciudad, con decoraciones que incluyen pinos, esferas, guirnaldas, figuras iluminadas, luces y arcos para fotograf\u00edas. &nbsp; En Plaza Zaragoza destaca la instalaci\u00f3n de un pino de 15 metros, [&hellip;]<\/p>\n","protected":false},"author":2,"featured_media":236183,"comment_status":"closed","ping_status":"closed","sticky":false,"template":"","format":"standard","meta":{"footnotes":""},"categories":[12870,178],"tags":[12865,12869],"class_list":["post-236182","post","type-post","status-publish","format-standard","has-post-thumbnail","hentry","category-destacadas","category-local","tag-destacadas","tag-local"],"jetpack_featured_media_url":"https:\/\/rnoticias.com.mx\/Portal\/wp-content\/uploads\/2025\/11\/descarga-13.jpeg","amp_enabled":true,"_links":{"self":[{"href":"https:\/\/rnoticias.com.mx\/Portal\/wp-json\/wp\/v2\/posts\/236182","targetHints":{"allow":["GET"]}}],"collection":[{"href":"https:\/\/rnoticias.com.mx\/Portal\/wp-json\/wp\/v2\/posts"}],"about":[{"href":"https:\/\/rnoticias.com.mx\/Portal\/wp-json\/wp\/v2\/types\/post"}],"author":[{"embeddable":true,"href":"https:\/\/rnoticias.com.mx\/Portal\/wp-json\/wp\/v2\/users\/2"}],"replies":[{"embeddable":true,"href":"https:\/\/rnoticias.com.mx\/Portal\/wp-json\/wp\/v2\/comments?post=236182"}],"version-history":[{"count":1,"href":"https:\/\/rnoticias.com.mx\/Portal\/wp-json\/wp\/v2\/posts\/236182\/revisions"}],"predecessor-version":[{"id":236184,"href":"https:\/\/rnoticias.com.mx\/Portal\/wp-json\/wp\/v2\/posts\/236182\/revisions\/236184"}],"wp:featuredmedia":[{"embeddable":true,"href":"https:\/\/rnoticias.com.mx\/Portal\/wp-json\/wp\/v2\/media\/236183"}],"wp:attachment":[{"href":"https:\/\/rnoticias.com.mx\/Portal\/wp-json\/wp\/v2\/media?parent=236182"}],"wp:term":[{"taxonomy":"category","embeddable":true,"href":"https:\/\/rnoticias.com.mx\/Portal\/wp-json\/wp\/v2\/categories?post=236182"},{"taxonomy":"post_tag","embeddable":true,"href":"https:\/\/rnoticias.com.mx\/Portal\/wp-json\/wp\/v2\/tags?post=236182"}],"curies":[{"name":"wp","href":"https:\/\/api.w.org\/{rel}","templated":true}]}}