{"id":236176,"date":"2025-11-25T18:19:01","date_gmt":"2025-11-26T01:19:01","guid":{"rendered":"https:\/\/rnoticias.com.mx\/Portal\/?p=236176"},"modified":"2025-11-25T18:19:01","modified_gmt":"2025-11-26T01:19:01","slug":"futbol-argentino-recuerda-a-diego-armando-maradona-a-cinco-anos-de-su-muerte","status":"publish","type":"post","link":"https:\/\/rnoticias.com.mx\/Portal\/2025\/11\/25\/futbol-argentino-recuerda-a-diego-armando-maradona-a-cinco-anos-de-su-muerte\/","title":{"rendered":"F\u00fatbol argentino recuerda a Diego Armando Maradona a cinco a\u00f1os de su muerte"},"content":{"rendered":"<p><strong>Organismos y clubes del f\u00fatbol argentino recordaron este martes al exfutbolista e \u00eddolo popular Diego Armando Maradona a cinco a\u00f1os de su muerte.<\/strong><\/p>\n<p align=\"left\"><strong>&#8220;Solo muere quien es olvidado y a vos, Diego, te recordamos cada d\u00eda. A 5 a\u00f1os del paso a la inmortalidad de Diego Armando Maradona&#8221;,<\/strong>\u00a0public\u00f3 la cuenta oficial de redes sociales de la selecci\u00f3n argentina de f\u00fatbol junto a un v\u00eddeo con im\u00e1genes del astro jugando con la camiseta celeste y blanca a la par de registros de su multitudinario funeral desarrollado en Buenos Aires el 26 de noviembre de 2020.<\/p>\n<p align=\"left\"><strong>&#8220;Diego, ya pasaron cinco a\u00f1os. Cinco que no podemos dejar atr\u00e1s, como los cinco ingleses que dejaste vos&#8221;,\u00a0<\/strong>expresa el v\u00eddeo, en referencia a la jugada del m\u00edtico segundo gol de Maradona ante Inglaterra durante el partido de cuartos de final del Mundial de M\u00e9xico 1986.<\/p>\n<p align=\"left\">La Liga Profesional de F\u00fatbol de Argentina rindi\u00f3 homenaje a Diego a trav\u00e9s de redes sociales con una imagen caricaturizada de ni\u00f1os jugando al f\u00fatbol junto al mensaje<strong>\u00a0&#8220;Por siempre Maradona&#8221;.<\/strong><\/p>\n<p align=\"left\"><strong>Boca Juniors, Argentinos Juniors y Newell&#8217;s Old Boys, clubes de Argentina en los que Maradona fue jugador, tambi\u00e9n publicaron mensajes en referencia al quinto aniversario de su fallecimiento.<\/strong><\/p>\n<p align=\"left\">&#8220;Pasan las personas, pasan los d\u00edas, los meses y los a\u00f1os. Todo pasa, menos vos, que segu\u00eds siempre ac\u00e1. Te extra\u00f1amos todos los d\u00edas, Pelu&#8221;, expresaron desde el Xeneize junto a un v\u00eddeo en el que distintas personas depositan flores en la estatua de Maradona ubicada dentro de &#8216;La Bombonera&#8217;, emblem\u00e1tico estadio del club.<\/p>\n<p align=\"left\">Adem\u00e1s, otro v\u00eddeo publicado en las cuentas oficiales de Boca muestra una gran bandera desplegada con la imagen del \u00eddolo sobre las tribunas de la estadio durante el partido del \u00faltimo domingo por los octavos de final del Torneo Clausura que fue triunfo para el local por 2-0 sobre Talleres.<\/p>\n<p align=\"left\">Argentinos Juniors, conjunto en el que Maradona jug\u00f3 sus primeros partidos en Primera Divisi\u00f3n durante la d\u00e9cada de 1970, public\u00f3 un v\u00eddeo con im\u00e1genes del jugador con el uniforme rojo y blanco del club y el siguiente mensaje:<strong>\u00a0&#8220;Te vemos, te pensamos, te so\u00f1amos&#8221;.<\/strong><\/p>\n<p align=\"left\"><strong>&#8220;Quien ama, no olvida&#8221;\u00a0<\/strong>public\u00f3 Newell&#8217;s, instituci\u00f3n de la ciudad de Rosario en la que el \u00eddolo disput\u00f3 algunos encuentros tras su regreso al f\u00fatbol argentino en 1993, junto a una foto de Maradona ataviado con los colores rojo y negro del club.<\/p>\n<p align=\"left\">Quien tambi\u00e9n record\u00f3 al \u00eddolo fue el capit\u00e1n de la selecci\u00f3n argentina de f\u00fatbol, Lionel Messi, quien public\u00f3 una imagen de ambos durante el per\u00edodo en el que Maradona fue t\u00e9cnico de la selecci\u00f3n argentina.<\/p>\n<p align=\"left\">A estos saludos se sumaron adem\u00e1s los de otros clubes, como Lan\u00fas y San Lorenzo, adem\u00e1s de organismos como la Confederaci\u00f3n Sudamericana de F\u00fatbol (Conmebol).<\/p>\n<p align=\"left\"><strong>El astro tambi\u00e9n fue recordado por sus hijas Dalma y Gianinna, que publicaron distintos mensajes, fotos y v\u00eddeos en sus redes sociales para recordar a su padre.<\/strong><\/p>\n<p align=\"left\">Maradona muri\u00f3 pocas semanas despu\u00e9s de cumplir 60 a\u00f1os, mientras recib\u00eda cuidados m\u00e9dicos en una casa de las afueras de Buenos Aires.<\/p>\n<p align=\"left\">La autopsia precis\u00f3 que el motivo de la muerte fue un &#8220;edema agudo de pulm\u00f3n secundario a una insuficiencia card\u00edaca cr\u00f3nica reagudizada&#8221;.<\/p>\n<p align=\"left\">Siete de los ocho profesionales de la salud que estaban a cargo de sus cuidados durante su internaci\u00f3n domiciliaria fueron enjuiciados a comienzos de este a\u00f1o, en un proceso que fue decretado nulo en mayo tras conocerse que una de las juezas protagonizaba un documental sobre el caso.<\/p>\n<p align=\"left\">Un nuevo juicio por la muerte de la leyenda argentina del f\u00fatbol comenzar\u00e1 a celebrarse a partir del 17 de marzo de 2026.<\/p>\n<p align=\"left\">\n<p>Fuente: EFE<\/p>\n","protected":false},"excerpt":{"rendered":"<p>Organismos y clubes del f\u00fatbol argentino recordaron este martes al exfutbolista e \u00eddolo popular Diego Armando Maradona a cinco a\u00f1os de su muerte. &#8220;Solo muere quien es olvidado y a vos, Diego, te recordamos cada d\u00eda. A 5 a\u00f1os del paso a la inmortalidad de Diego Armando Maradona&#8221;,\u00a0public\u00f3 la cuenta oficial de redes sociales de [&hellip;]<\/p>\n","protected":false},"author":2,"featured_media":236177,"comment_status":"closed","ping_status":"closed","sticky":false,"template":"","format":"standard","meta":{"footnotes":""},"categories":[188,12870],"tags":[5231,12865],"class_list":["post-236176","post","type-post","status-publish","format-standard","has-post-thumbnail","hentry","category-deportes","category-destacadas","tag-deportes","tag-destacadas"],"jetpack_featured_media_url":"https:\/\/rnoticias.com.mx\/Portal\/wp-content\/uploads\/2025\/11\/maradona-afp-2-a9d694c9-focus-0-0-696-464.jpg","amp_enabled":true,"_links":{"self":[{"href":"https:\/\/rnoticias.com.mx\/Portal\/wp-json\/wp\/v2\/posts\/236176","targetHints":{"allow":["GET"]}}],"collection":[{"href":"https:\/\/rnoticias.com.mx\/Portal\/wp-json\/wp\/v2\/posts"}],"about":[{"href":"https:\/\/rnoticias.com.mx\/Portal\/wp-json\/wp\/v2\/types\/post"}],"author":[{"embeddable":true,"href":"https:\/\/rnoticias.com.mx\/Portal\/wp-json\/wp\/v2\/users\/2"}],"replies":[{"embeddable":true,"href":"https:\/\/rnoticias.com.mx\/Portal\/wp-json\/wp\/v2\/comments?post=236176"}],"version-history":[{"count":1,"href":"https:\/\/rnoticias.com.mx\/Portal\/wp-json\/wp\/v2\/posts\/236176\/revisions"}],"predecessor-version":[{"id":236178,"href":"https:\/\/rnoticias.com.mx\/Portal\/wp-json\/wp\/v2\/posts\/236176\/revisions\/236178"}],"wp:featuredmedia":[{"embeddable":true,"href":"https:\/\/rnoticias.com.mx\/Portal\/wp-json\/wp\/v2\/media\/236177"}],"wp:attachment":[{"href":"https:\/\/rnoticias.com.mx\/Portal\/wp-json\/wp\/v2\/media?parent=236176"}],"wp:term":[{"taxonomy":"category","embeddable":true,"href":"https:\/\/rnoticias.com.mx\/Portal\/wp-json\/wp\/v2\/categories?post=236176"},{"taxonomy":"post_tag","embeddable":true,"href":"https:\/\/rnoticias.com.mx\/Portal\/wp-json\/wp\/v2\/tags?post=236176"}],"curies":[{"name":"wp","href":"https:\/\/api.w.org\/{rel}","templated":true}]}}