{"id":236143,"date":"2025-11-25T16:25:01","date_gmt":"2025-11-25T23:25:01","guid":{"rendered":"https:\/\/rnoticias.com.mx\/Portal\/?p=236143"},"modified":"2025-11-25T16:25:01","modified_gmt":"2025-11-25T23:25:01","slug":"otorga-congreso-de-sonora-la-presea-del-poderio-sonorense-2025-a-once-mujeres-destacadas","status":"publish","type":"post","link":"https:\/\/rnoticias.com.mx\/Portal\/2025\/11\/25\/otorga-congreso-de-sonora-la-presea-del-poderio-sonorense-2025-a-once-mujeres-destacadas\/","title":{"rendered":"Otorga Congreso de Sonora la Presea del Poder\u00edo Sonorense 2025 a once mujeres destacadas"},"content":{"rendered":"<p>Hermosillo, Sonora; 25 de noviembre de 2025.- En el marco del D\u00eda Internacional para la Eliminaci\u00f3n de la Violencia contra las Mujeres, el Congreso del Estado de Sonora otorg\u00f3 la Presea del Poder\u00edo de las Mujeres Sonorenses a once galardonadas en diversas categor\u00edas, por su contribuci\u00f3n al desarrollo y a la transformaci\u00f3n del estado.<\/p>\n<p>Acompa\u00f1ada de representantes de los poderes Ejecutivo y Judicial, la presidenta de la Mesa Directiva, diputada Mar\u00eda Eduwiges Espinoza Tapia (Morena), expuso que el galard\u00f3n constituye el reconocimiento que otorga el Congreso local a mujeres que, con su esfuerzo y compromiso, se han destacado en la defensa y promoci\u00f3n de los derechos de las mujeres.<\/p>\n<p>Por su parte, la diputada Mar\u00eda Alicia Gayt\u00e1n S\u00e1nchez (Morena), presidenta de la Comisi\u00f3n para la Igualdad de G\u00e9nero, se\u00f1al\u00f3 que la presea reconoce a mujeres que, desde distintos \u00e1mbitos, han impulsado con talento y esfuerzo el avance de la igualdad.<\/p>\n<p>En esta edici\u00f3n fueron reconocidas Amelia Iruretagoyena Quiroz (Pol\u00edtica Sonorense), Irma Arana Rodr\u00edguez (Investigaci\u00f3n Hist\u00f3rica o Disciplinas Art\u00edsticas), Dora Mar\u00eda Lemas Huerta (Trabajo Social y Filantrop\u00eda) y Karla Josefina Santacruz G\u00f3mez (Ciencias).<\/p>\n<p>Asimismo, se entregaron distinciones a Martha Patricia Pati\u00f1o Fierro (Funci\u00f3n P\u00fablica), Ana Luisa Ch\u00e1vez Haro (\u00c1mbito Jur\u00eddico), Blanca Rosa L\u00f3pez Mart\u00ednez (Literatura), Armida Bernal Reyes (Periodismo), Gloria P\u00e9rez Cos\u00edo y S\u00e1nchez (\u00c1mbito Salud) y Mar\u00eda Teresa Dom\u00ednguez Islas (\u00c1mbito Deportivo). En representaci\u00f3n de la galardonada, Dalia Figueroa Nicola (Docencia), quien no pudo asistir, su hijo Iv\u00e1n Encinas Figueroa recibi\u00f3 el premio y agradeci\u00f3 la distinci\u00f3n en su nombre.<\/p>\n<p>Durante su participaci\u00f3n, las premiadas se\u00f1alaron que este premio honra no solo su trayectoria, sino tambi\u00e9n el esfuerzo colectivo de las mujeres que han abierto camino con perseverancia, y resaltaron que este reconocimiento fortalece el compromiso de seguir trabajando por la igualdad, contribuyendo a transformar realidades y a construir un futuro m\u00e1s justo para las ni\u00f1as, adolescentes y j\u00f3venes de la entidad.<\/p>\n<p>Al evento protocolario asistieron representantes de colectivos de mujeres, funcionarias estatales y sindicales, as\u00ed como familiares y amistades de las galardonadas de este a\u00f1o.<\/p>\n<p>La presidenta de la Mesa Directiva decret\u00f3 un receso para la toma de la fotograf\u00eda oficial y, al concluir los trabajos de la jornada, cit\u00f3 a sesi\u00f3n ordinaria para el jueves 27 de noviembre a las 10:00 horas.<\/p>\n","protected":false},"excerpt":{"rendered":"<p>Hermosillo, Sonora; 25 de noviembre de 2025.- En el marco del D\u00eda Internacional para la Eliminaci\u00f3n de la Violencia contra las Mujeres, el Congreso del Estado de Sonora otorg\u00f3 la Presea del Poder\u00edo de las Mujeres Sonorenses a once galardonadas en diversas categor\u00edas, por su contribuci\u00f3n al desarrollo y a la transformaci\u00f3n del estado. Acompa\u00f1ada [&hellip;]<\/p>\n","protected":false},"author":2,"featured_media":236144,"comment_status":"closed","ping_status":"closed","sticky":false,"template":"","format":"standard","meta":{"footnotes":""},"categories":[12870,12868],"tags":[12865,12879],"class_list":["post-236143","post","type-post","status-publish","format-standard","has-post-thumbnail","hentry","category-destacadas","category-politica","tag-destacadas","tag-politica"],"jetpack_featured_media_url":"https:\/\/rnoticias.com.mx\/Portal\/wp-content\/uploads\/2025\/11\/63120b14-6f2d-4037-a4d2-543172bd9270.jpeg","amp_enabled":true,"_links":{"self":[{"href":"https:\/\/rnoticias.com.mx\/Portal\/wp-json\/wp\/v2\/posts\/236143","targetHints":{"allow":["GET"]}}],"collection":[{"href":"https:\/\/rnoticias.com.mx\/Portal\/wp-json\/wp\/v2\/posts"}],"about":[{"href":"https:\/\/rnoticias.com.mx\/Portal\/wp-json\/wp\/v2\/types\/post"}],"author":[{"embeddable":true,"href":"https:\/\/rnoticias.com.mx\/Portal\/wp-json\/wp\/v2\/users\/2"}],"replies":[{"embeddable":true,"href":"https:\/\/rnoticias.com.mx\/Portal\/wp-json\/wp\/v2\/comments?post=236143"}],"version-history":[{"count":1,"href":"https:\/\/rnoticias.com.mx\/Portal\/wp-json\/wp\/v2\/posts\/236143\/revisions"}],"predecessor-version":[{"id":236145,"href":"https:\/\/rnoticias.com.mx\/Portal\/wp-json\/wp\/v2\/posts\/236143\/revisions\/236145"}],"wp:featuredmedia":[{"embeddable":true,"href":"https:\/\/rnoticias.com.mx\/Portal\/wp-json\/wp\/v2\/media\/236144"}],"wp:attachment":[{"href":"https:\/\/rnoticias.com.mx\/Portal\/wp-json\/wp\/v2\/media?parent=236143"}],"wp:term":[{"taxonomy":"category","embeddable":true,"href":"https:\/\/rnoticias.com.mx\/Portal\/wp-json\/wp\/v2\/categories?post=236143"},{"taxonomy":"post_tag","embeddable":true,"href":"https:\/\/rnoticias.com.mx\/Portal\/wp-json\/wp\/v2\/tags?post=236143"}],"curies":[{"name":"wp","href":"https:\/\/api.w.org\/{rel}","templated":true}]}}