{"id":235991,"date":"2025-11-24T09:13:33","date_gmt":"2025-11-24T16:13:33","guid":{"rendered":"https:\/\/rnoticias.com.mx\/Portal\/?p=235991"},"modified":"2025-11-24T09:13:33","modified_gmt":"2025-11-24T16:13:33","slug":"transportistas-inician-megabloqueo-nacional-cierras-vias-en-cdmx-y-edomex","status":"publish","type":"post","link":"https:\/\/rnoticias.com.mx\/Portal\/2025\/11\/24\/transportistas-inician-megabloqueo-nacional-cierras-vias-en-cdmx-y-edomex\/","title":{"rendered":"Transportistas inician megabloqueo nacional; cierras v\u00edas en CDMX y EdoMex"},"content":{"rendered":"<p><strong>Transportistas y agricultores<\/strong>\u00a0iniciaron este lunes un\u00a0<strong>megabloqueo<\/strong>\u00a0en carreteras de diferentes estados del pa\u00eds, incluida la\u00a0<strong>Ciudad de M\u00e9xico<\/strong>, para exigir el aumento en la seguridad de las carreteras federales, la reactivaci\u00f3n de la banca de desarrollo rural, entre otras demandas.<\/p>\n<p>El\u00a0<strong>Frente Nacional para el Rescate del Campo Mexicano<\/strong>\u00a0(FNRCM), el\u00a0<strong>Movimiento Agr\u00edcola Campesino<\/strong>\u00a0(MAC) y la\u00a0<strong>Asociaci\u00f3n Nacional de Transportistas<\/strong>\u00a0(ANTAC) comenzaron desde las 6:00 horas los bloqueos en diferentes\u00a0<strong>vialidades<\/strong>, entre ellas, est\u00e1n:<\/p>\n<ul>\n<li>V\u00eda Jos\u00e9 L\u00f3pez Portillo, Ecatepec<\/li>\n<li>Avenida Jos\u00e9 L\u00f3pez Portillo y la carretera federal Texcoco-Lecher\u00eda, Estado de M\u00e9xico<\/li>\n<li>Carretera M\u00e9xico-Toluca<\/li>\n<li>Carretera M\u00e9xico-Pachuca<\/li>\n<li>Carretera M\u00e9xico-Texcoco<\/li>\n<li>Autopista Toluca-Atlacomulco<\/li>\n<\/ul>\n<p>De igual forma, se anunciaron bloqueos en al menos\u00a0<strong>18<\/strong>\u00a0<strong>entidades<\/strong>:<\/p>\n<ul>\n<li>San Luis Potos\u00ed<\/li>\n<li>Sinaloa<\/li>\n<li>Chihuahua<\/li>\n<li>Ciudad de M\u00e9xico<\/li>\n<li>Sonora<\/li>\n<li>Zacatecas<\/li>\n<li>Aguascalientes<\/li>\n<li>Tamaulipas<\/li>\n<li>Veracruz<\/li>\n<li>Jalisco<\/li>\n<li>Michoac\u00e1n<\/li>\n<li>Guanajuato<\/li>\n<li>Campeche<\/li>\n<li>Yucat\u00e1n<\/li>\n<li>Quintana Roo<\/li>\n<li>Baja California<\/li>\n<li>Colima<\/li>\n<li>Nayarit<\/li>\n<\/ul>\n<p>La presidenta\u00a0<strong>Claudia Sheinbaum<\/strong>\u00a0adelant\u00f3 este lunes que, en las pr\u00f3ximas horas, la\u00a0<strong>Secretar\u00eda de Gobernaci\u00f3n<\/strong>\u00a0dar\u00e1 una conferencia al respecto, y asegur\u00f3 que se mantienen las mesas de di\u00e1logo Transportistas y agricultores inconformes.<\/p>\n<p>&nbsp;<\/p>\n<p>Fuente: N+<\/p>\n","protected":false},"excerpt":{"rendered":"<p>Transportistas y agricultores\u00a0iniciaron este lunes un\u00a0megabloqueo\u00a0en carreteras de diferentes estados del pa\u00eds, incluida la\u00a0Ciudad de M\u00e9xico, para exigir el aumento en la seguridad de las carreteras federales, la reactivaci\u00f3n de la banca de desarrollo rural, entre otras demandas. El\u00a0Frente Nacional para el Rescate del Campo Mexicano\u00a0(FNRCM), el\u00a0Movimiento Agr\u00edcola Campesino\u00a0(MAC) y la\u00a0Asociaci\u00f3n Nacional de Transportistas\u00a0(ANTAC) comenzaron [&hellip;]<\/p>\n","protected":false},"author":2,"featured_media":235992,"comment_status":"closed","ping_status":"closed","sticky":false,"template":"","format":"standard","meta":{"footnotes":""},"categories":[12870,172],"tags":[12865,12874],"class_list":["post-235991","post","type-post","status-publish","format-standard","has-post-thumbnail","hentry","category-destacadas","category-nacional","tag-destacadas","tag-nacional"],"jetpack_featured_media_url":"https:\/\/rnoticias.com.mx\/Portal\/wp-content\/uploads\/2025\/11\/descarga-7.webp","amp_enabled":true,"_links":{"self":[{"href":"https:\/\/rnoticias.com.mx\/Portal\/wp-json\/wp\/v2\/posts\/235991","targetHints":{"allow":["GET"]}}],"collection":[{"href":"https:\/\/rnoticias.com.mx\/Portal\/wp-json\/wp\/v2\/posts"}],"about":[{"href":"https:\/\/rnoticias.com.mx\/Portal\/wp-json\/wp\/v2\/types\/post"}],"author":[{"embeddable":true,"href":"https:\/\/rnoticias.com.mx\/Portal\/wp-json\/wp\/v2\/users\/2"}],"replies":[{"embeddable":true,"href":"https:\/\/rnoticias.com.mx\/Portal\/wp-json\/wp\/v2\/comments?post=235991"}],"version-history":[{"count":1,"href":"https:\/\/rnoticias.com.mx\/Portal\/wp-json\/wp\/v2\/posts\/235991\/revisions"}],"predecessor-version":[{"id":235993,"href":"https:\/\/rnoticias.com.mx\/Portal\/wp-json\/wp\/v2\/posts\/235991\/revisions\/235993"}],"wp:featuredmedia":[{"embeddable":true,"href":"https:\/\/rnoticias.com.mx\/Portal\/wp-json\/wp\/v2\/media\/235992"}],"wp:attachment":[{"href":"https:\/\/rnoticias.com.mx\/Portal\/wp-json\/wp\/v2\/media?parent=235991"}],"wp:term":[{"taxonomy":"category","embeddable":true,"href":"https:\/\/rnoticias.com.mx\/Portal\/wp-json\/wp\/v2\/categories?post=235991"},{"taxonomy":"post_tag","embeddable":true,"href":"https:\/\/rnoticias.com.mx\/Portal\/wp-json\/wp\/v2\/tags?post=235991"}],"curies":[{"name":"wp","href":"https:\/\/api.w.org\/{rel}","templated":true}]}}