{"id":235875,"date":"2025-11-22T15:07:00","date_gmt":"2025-11-22T22:07:00","guid":{"rendered":"https:\/\/rnoticias.com.mx\/Portal\/?p=235875"},"modified":"2025-11-22T15:07:00","modified_gmt":"2025-11-22T22:07:00","slug":"participaran-28-ponentes-nacionales-e-internacionales-en-la-semana-de-innovacion-ctrl-h-en-hermosillo","status":"publish","type":"post","link":"https:\/\/rnoticias.com.mx\/Portal\/2025\/11\/22\/participaran-28-ponentes-nacionales-e-internacionales-en-la-semana-de-innovacion-ctrl-h-en-hermosillo\/","title":{"rendered":"Participar\u00e1n 28 ponentes nacionales e internacionales en la \u201cSemana de innovaci\u00f3n Ctrl+ H\u201d en Hermosillo"},"content":{"rendered":"<p>Hermosillo, Sonora; 22 de noviembre, 2025.- Del martes 25 al jueves 28 de noviembre pr\u00f3ximo, Hermosillo ser\u00e1 sede de la Semana de la Innovaci\u00f3n Ctrl+ H, en la que participar\u00e1n como ponentes y talleristas colaboradores de empresas como AWS heros, Google Developer Experts, Amazon, IBM, AstraZeneca, BAT, Finastra y expertos en rob\u00f3tica de Jap\u00f3n.<\/p>\n<p>El evento congregar\u00e1 a 28 ponentes nacionales e internacionales, entre ellos Ignacio Mend\u00edvil de Firmamex, quien charlar\u00e1 sobre el tema \u201cEmprendimiento Tecnol\u00f3gico en la era de la IA\u201d, as\u00ed como Moris Dieck y Andr\u00e9s Garza, expertos en negocios como conferencistas.<\/p>\n<p>Moris Dieck es asesor financiero, consultor de negocios y creador de contenido mexicano enfocado en la educaci\u00f3n financiera a trav\u00e9s del PodCast \u201cDimes y Billetes\u201d.<\/p>\n<p>Oscar Gast\u00e9lum Donnadieu, director de la Agencia Municipal de Desarrollo Econ\u00f3mico (AMDE) moderar\u00e1 el panel \u201cAtracci\u00f3n de inversi\u00f3n y talento en tecnolog\u00edas emergentes\u201d, en el que compartir\u00e1n sus conocimientos y experiencias Jos\u00e9 Miguel Cortes, de 1200 VC. y Mauricio Mora, de InStrag.<\/p>\n<p>Ser\u00e1n 4 d\u00edas de sesiones simult\u00e1neas, talleres pr\u00e1cticos, paneles con expertos y espacios de networking, con los que se busca promover experiencias educativas, inspiradoras e interactivas que impulsen la innovaci\u00f3n, el pensamiento cr\u00edtico, el emprendimiento tecnol\u00f3gico y el desarrollo social responsable.<\/p>\n<p>Las actividades tendr\u00e1n lugar en instalaciones del Departamento de Matem\u00e1ticas y Centro de las Artes de la Universidad de Sonora y en parque La Ruina.<\/p>\n<p>En la organizaci\u00f3n del evento colaboran el Gobierno Municipal de Hermosillo, a trav\u00e9s de la AMDE, Kolab, la Universidad de Sonora, Google Developer Groups y AWS User group Hermosillo, con el objetivo en com\u00fan de hacer accesible el conocimiento sobre tecnolog\u00edas emergentes y fomentar el talento joven.<\/p>\n","protected":false},"excerpt":{"rendered":"<p>Hermosillo, Sonora; 22 de noviembre, 2025.- Del martes 25 al jueves 28 de noviembre pr\u00f3ximo, Hermosillo ser\u00e1 sede de la Semana de la Innovaci\u00f3n Ctrl+ H, en la que participar\u00e1n como ponentes y talleristas colaboradores de empresas como AWS heros, Google Developer Experts, Amazon, IBM, AstraZeneca, BAT, Finastra y expertos en rob\u00f3tica de Jap\u00f3n. El [&hellip;]<\/p>\n","protected":false},"author":2,"featured_media":235876,"comment_status":"closed","ping_status":"closed","sticky":false,"template":"","format":"standard","meta":{"footnotes":""},"categories":[12870,178],"tags":[12865,12869],"class_list":["post-235875","post","type-post","status-publish","format-standard","has-post-thumbnail","hentry","category-destacadas","category-local","tag-destacadas","tag-local"],"jetpack_featured_media_url":"https:\/\/rnoticias.com.mx\/Portal\/wp-content\/uploads\/2025\/11\/6bd66b66-2c9f-48b7-a570-1d1bcae9974d.jpeg","amp_enabled":true,"_links":{"self":[{"href":"https:\/\/rnoticias.com.mx\/Portal\/wp-json\/wp\/v2\/posts\/235875","targetHints":{"allow":["GET"]}}],"collection":[{"href":"https:\/\/rnoticias.com.mx\/Portal\/wp-json\/wp\/v2\/posts"}],"about":[{"href":"https:\/\/rnoticias.com.mx\/Portal\/wp-json\/wp\/v2\/types\/post"}],"author":[{"embeddable":true,"href":"https:\/\/rnoticias.com.mx\/Portal\/wp-json\/wp\/v2\/users\/2"}],"replies":[{"embeddable":true,"href":"https:\/\/rnoticias.com.mx\/Portal\/wp-json\/wp\/v2\/comments?post=235875"}],"version-history":[{"count":1,"href":"https:\/\/rnoticias.com.mx\/Portal\/wp-json\/wp\/v2\/posts\/235875\/revisions"}],"predecessor-version":[{"id":235877,"href":"https:\/\/rnoticias.com.mx\/Portal\/wp-json\/wp\/v2\/posts\/235875\/revisions\/235877"}],"wp:featuredmedia":[{"embeddable":true,"href":"https:\/\/rnoticias.com.mx\/Portal\/wp-json\/wp\/v2\/media\/235876"}],"wp:attachment":[{"href":"https:\/\/rnoticias.com.mx\/Portal\/wp-json\/wp\/v2\/media?parent=235875"}],"wp:term":[{"taxonomy":"category","embeddable":true,"href":"https:\/\/rnoticias.com.mx\/Portal\/wp-json\/wp\/v2\/categories?post=235875"},{"taxonomy":"post_tag","embeddable":true,"href":"https:\/\/rnoticias.com.mx\/Portal\/wp-json\/wp\/v2\/tags?post=235875"}],"curies":[{"name":"wp","href":"https:\/\/api.w.org\/{rel}","templated":true}]}}