{"id":235869,"date":"2025-11-22T12:50:49","date_gmt":"2025-11-22T19:50:49","guid":{"rendered":"https:\/\/rnoticias.com.mx\/Portal\/?p=235869"},"modified":"2025-11-22T12:50:49","modified_gmt":"2025-11-22T19:50:49","slug":"realiza-ine-4a-edicion-de-la-feria-del-libro-genero-democracia-y-territorio","status":"publish","type":"post","link":"https:\/\/rnoticias.com.mx\/Portal\/2025\/11\/22\/realiza-ine-4a-edicion-de-la-feria-del-libro-genero-democracia-y-territorio\/","title":{"rendered":"Realiza INE 4\u00aa edici\u00f3n de la Feria del Libro. G\u00e9nero, Democracia y Territorio"},"content":{"rendered":"<p class=\"x_MsoNormal\"><span data-olk-copy-source=\"MessageBody\">Con el objetivo de concientizar, sensibilizar y acercar informaci\u00f3n a las mujeres y a la ciudadan\u00eda en general sobre los derechos pol\u00edticos y electorales de las mujeres, desde el reconocimiento de la diversidad, as\u00ed como la prevenci\u00f3n y atenci\u00f3n de la Violencia Pol\u00edtica contra las Mujeres en Raz\u00f3n de G\u00e9nero (VPMRG) y, con ello, fortalecer la democracia en M\u00e9xico, el Instituto Nacional Electoral (INE), lleva a cabo la 4\u00aa edici\u00f3n de la Feria del Libro. G\u00e9nero, Democracia y Territorio.<\/span><\/p>\n<p class=\"x_MsoNormal\">\n<p class=\"x_MsoNormal\">Durante la inauguraci\u00f3n, la Consejera y presidenta del Comit\u00e9 de Radio y Televisi\u00f3n, Norma Irene De La Cruz Maga\u00f1a, explic\u00f3 que luego de cuatro ediciones de la Feria, que se inici\u00f3 en el 2020, se ha ido fortaleciendo la relaci\u00f3n con las instituciones, la academia y casas editoriales.<\/p>\n<p class=\"x_MsoNormal\">\n<p class=\"x_MsoNormal\">\u201cEsta Feria del Libro no s\u00f3lo nos ha permitido seguir consolidando el v\u00ednculo entre el Instituto Nacional Electoral y las diversas agendas de diferentes grupos de la sociedad, sino tambi\u00e9n de la academia y el trabajo que se va haciendo de manera colectiva y cada a\u00f1o se va consolidando\u201d, se\u00f1al\u00f3.<\/p>\n<p class=\"x_MsoNormal\">\n<p class=\"x_MsoNormal\">Por ello, detall\u00f3 que durante tres d\u00edas,19, 20 y 21 de noviembre, se llevar\u00e1n a cabo 20 actividades presenciales y virtuales, entre las que se incluyen mesas de di\u00e1logo, foros y\/o conversatorios, presentaciones de libros, actividades culturales y talleres, dise\u00f1adas para promover el di\u00e1logo, la reflexi\u00f3n cr\u00edtica y la participaci\u00f3n en torno a los derechos pol\u00edtico-electorales de las mujeres, la paridad de g\u00e9nero y la prevenci\u00f3n de la VPMRG.<\/p>\n<p class=\"x_MsoNormal\"><b><i>\u00a0<\/i><\/b><\/p>\n<p class=\"x_MsoNormal\"><b><i>Fortalecer la democracia desde la diversidad<\/i><\/b><\/p>\n<p class=\"x_MsoNormal\">\n<p class=\"x_MsoNormal\">Enseguida y ante la Consejera Claudia Zavala P\u00e9rez, la directora de la asociaci\u00f3n Acciona Transformando Caminos para Ser y Hacer A.C. (ACCIONA), Lorena P\u00e9rez Murillo y de la Rectora de la Universidad Aut\u00f3noma del Estado de Morelos (UAEM), Viridiana Ayde\u00e9 Le\u00f3n Hern\u00e1ndez, la Consejera Carla Humphrey Jordan, asegur\u00f3 que la Feria coloca la voz de las personas marginadas en el centro de la reflexi\u00f3n.<\/p>\n<p class=\"x_MsoNormal\">\n<p class=\"x_MsoNormal\">\u201cEstamos aqu\u00ed para escuchar a las voces que hist\u00f3ricamente han sido silenciadas, para promover a trav\u00e9s de la lectura, de ejercicios democr\u00e1ticos m\u00e1s plurales, igualitarios y cercanos a las realidades de cada comunidad, municipio y de cada entidad federativa, reflexionando a trav\u00e9s de las experiencias sobre la importancia de la igualdad de g\u00e9nero, de la igualdad sustantiva en los \u00e1mbitos pol\u00edtico, cultural y social. El prop\u00f3sito es claro: fortalecer la democracia desde la diversidad\u201d, sostuvo Humphrey.<\/p>\n<p class=\"x_MsoNormal\">\n<p class=\"x_MsoNormal\"><a name=\"x__Hlk214441432\"><\/a>Enseguida, la Consejera Claudia Zavala record\u00f3 que, a partir de la ciencia, \u201chemos dado y nombrado todo lo que tiene que ver con el g\u00e9nero, con la discriminaci\u00f3n, con todo lo que las mujeres hemos vivido en estas sociedades, estructuradas desde una forma patriarcal\u201d.<\/p>\n<p class=\"x_MsoNormal\">\n<p class=\"x_MsoNormal\">Esta Feria del Libro, agreg\u00f3, es un encuentro no s\u00f3lo de conocimiento, tambi\u00e9n de saberes y de experiencias, \u201crepresenta una gran oportunidad para que nosotros nos empecemos a encontrar socialmente, para que nos construyamos de manera distinta y para que podamos ser parte de una sociedad que ve el presente y ve el futuro en t\u00e9rminos de igualdad\u201d.<\/p>\n<p class=\"x_MsoNormal\">\n<p class=\"x_MsoNormal\"><b><i>La igualdad debe convertirse en realidad<\/i><\/b><\/p>\n<p class=\"x_MsoNormal\"><b><i>\u00a0<\/i><\/b><\/p>\n<p class=\"x_MsoNormal\">Como parte de las actividades, se llev\u00f3 a cabo la Presentaci\u00f3n editorial.\u00a0<i>La reforma de 2020\u00a0<\/i>y la creaci\u00f3n de la colecci\u00f3n\u00a0<i>Paridad de G\u00e9nero<\/i>\u00a0del sello editorial INE, en donde la Consejera Dania Ravel Cuevas expuso que\u00a0<a name=\"x__Hlk214450005\"><\/a>la igualdad no s\u00f3lo se legisla, se aprende, se comunica, se discute y se defiende.<\/p>\n<p class=\"x_MsoNormal\">\n<p class=\"x_MsoNormal\">\u201cUna Feria del Libro del INE de g\u00e9nero y una colecci\u00f3n de paridad existen porque la democracia tambi\u00e9n se aprende, se contrasta y se practica. La Feria abre la conversaci\u00f3n, la serie ofrece herramientas para sostenerla; juntas convierten la reforma en materia de g\u00e9nero en una pedagog\u00eda c\u00edvica compartida. Conocimiento accesible, voces diversas y rutas concretas para que la igualdad de ser una promesa, se convierta en una realidad visible\u201d, apunt\u00f3.<\/p>\n<p class=\"x_MsoNormal\">\n<p class=\"x_MsoNormal\">En la presentaci\u00f3n, participaron la coordinadora de la serie\u00a0<i>Paridad de G\u00e9nero<\/i>\u00a0y respeto a los derechos humanos de las mujeres en el \u00e1mbito pol\u00edtico-electoral, Sarah Patricia Cerna Villagra; la profesora e investigadora Vanessa G\u00f3ngora Cervantes; la profesora e investigadora de la Universidad de Guanajuato, Cinthia Noem\u00ed Plascencia Morales y la profesora e investigadora de la Universidad de Guadalajara, M\u00f3nica Monta\u00f1o Reyes, adem\u00e1s de que fue moderada por la Titular de la Unidad T\u00e9cnica de Igualdad de G\u00e9nero y No Discriminaci\u00f3n, Flor Dessir\u00e9 Le\u00f3n Hern\u00e1ndez.<\/p>\n<p class=\"x_MsoNormal\">\n<p class=\"x_MsoNormal\">Explicaron que la colecci\u00f3n\u00a0<i>Paridad de G\u00e9nero<\/i>\u00a0se conformar\u00e1 de 10 publicaciones, de las cuales\u00a0<i>La reforma de 2020<\/i>, es s\u00e9ptimo el libro, todos de acceso libre en la p\u00e1gina del Instituto Nacional Electoral y, en particular, en esta edici\u00f3n se aborda la historia de la paridad de g\u00e9nero y un recorrido a trav\u00e9s de las leyes de ciudadan\u00eda, hasta llegar a la reforma a la Ley General de Instituciones y Procedimientos Electorales de 2020, en materia de VPMRG.<\/p>\n<p class=\"x_MsoNormal\">Como parte de las actividades de hoy, se llev\u00f3 a cabo la Presentaci\u00f3n editorial. Gu\u00eda para denunciar la violencia vicaria; la Mesa de Di\u00e1logo: Los retos para el reconocimiento legal de la identidad de g\u00e9nero en el ejercicio de los derechos pol\u00edticos y electorales y el Taller: Reflexiones y herramientas para la construcci\u00f3n cr\u00edtica del liderazgo de las mujeres.<\/p>\n<p class=\"x_MsoNormal\">\n<p class=\"x_MsoNormal\">Tambi\u00e9n, la Mesa de di\u00e1logo. Mujeres investigadoras y sus hallazgos sobre la participaci\u00f3n pol\u00edtica de las mujeres y la VPMRG; la Conferencia Feminismos, desigualdades y democracia y Las autor\u00edas hablan. Publicaciones sobre g\u00e9nero en los Organismos P\u00fablicos Locales.<\/p>\n","protected":false},"excerpt":{"rendered":"<p>Con el objetivo de concientizar, sensibilizar y acercar informaci\u00f3n a las mujeres y a la ciudadan\u00eda en general sobre los derechos pol\u00edticos y electorales de las mujeres, desde el reconocimiento de la diversidad, as\u00ed como la prevenci\u00f3n y atenci\u00f3n de la Violencia Pol\u00edtica contra las Mujeres en Raz\u00f3n de G\u00e9nero (VPMRG) y, con ello, fortalecer [&hellip;]<\/p>\n","protected":false},"author":2,"featured_media":235870,"comment_status":"closed","ping_status":"closed","sticky":false,"template":"","format":"standard","meta":{"footnotes":""},"categories":[12870,12868],"tags":[12865,12879],"class_list":["post-235869","post","type-post","status-publish","format-standard","has-post-thumbnail","hentry","category-destacadas","category-politica","tag-destacadas","tag-politica"],"jetpack_featured_media_url":"https:\/\/rnoticias.com.mx\/Portal\/wp-content\/uploads\/2025\/11\/WhatsApp-Image-2025-11-19-at-2.45.53-PM-1.jpeg","amp_enabled":true,"_links":{"self":[{"href":"https:\/\/rnoticias.com.mx\/Portal\/wp-json\/wp\/v2\/posts\/235869","targetHints":{"allow":["GET"]}}],"collection":[{"href":"https:\/\/rnoticias.com.mx\/Portal\/wp-json\/wp\/v2\/posts"}],"about":[{"href":"https:\/\/rnoticias.com.mx\/Portal\/wp-json\/wp\/v2\/types\/post"}],"author":[{"embeddable":true,"href":"https:\/\/rnoticias.com.mx\/Portal\/wp-json\/wp\/v2\/users\/2"}],"replies":[{"embeddable":true,"href":"https:\/\/rnoticias.com.mx\/Portal\/wp-json\/wp\/v2\/comments?post=235869"}],"version-history":[{"count":1,"href":"https:\/\/rnoticias.com.mx\/Portal\/wp-json\/wp\/v2\/posts\/235869\/revisions"}],"predecessor-version":[{"id":235871,"href":"https:\/\/rnoticias.com.mx\/Portal\/wp-json\/wp\/v2\/posts\/235869\/revisions\/235871"}],"wp:featuredmedia":[{"embeddable":true,"href":"https:\/\/rnoticias.com.mx\/Portal\/wp-json\/wp\/v2\/media\/235870"}],"wp:attachment":[{"href":"https:\/\/rnoticias.com.mx\/Portal\/wp-json\/wp\/v2\/media?parent=235869"}],"wp:term":[{"taxonomy":"category","embeddable":true,"href":"https:\/\/rnoticias.com.mx\/Portal\/wp-json\/wp\/v2\/categories?post=235869"},{"taxonomy":"post_tag","embeddable":true,"href":"https:\/\/rnoticias.com.mx\/Portal\/wp-json\/wp\/v2\/tags?post=235869"}],"curies":[{"name":"wp","href":"https:\/\/api.w.org\/{rel}","templated":true}]}}