{"id":235863,"date":"2025-11-22T12:47:01","date_gmt":"2025-11-22T19:47:01","guid":{"rendered":"https:\/\/rnoticias.com.mx\/Portal\/?p=235863"},"modified":"2025-11-22T12:47:01","modified_gmt":"2025-11-22T19:47:01","slug":"fgjes-obtiene-vinculacion-a-proceso-y-logra-prision-preventiva-justificada-contra-manuel-alberto-n-por-violencia-familiar-agravada-en-hermosillo","status":"publish","type":"post","link":"https:\/\/rnoticias.com.mx\/Portal\/2025\/11\/22\/fgjes-obtiene-vinculacion-a-proceso-y-logra-prision-preventiva-justificada-contra-manuel-alberto-n-por-violencia-familiar-agravada-en-hermosillo\/","title":{"rendered":"FGJES obtiene vinculaci\u00f3n a proceso y logra prisi\u00f3n preventiva justificada contra Manuel Alberto \u201cN\u201d por violencia familiar agravada en Hermosillo"},"content":{"rendered":"<p>Hermosillo, Sonora, 22 de noviembre de 2025.- La Fiscal\u00eda General de Justicia del Estado de Sonora (FGJES), obtuvo la vinculaci\u00f3n a proceso y la medida cautelar de prisi\u00f3n preventiva justificada contra Manuel Alberto \u201cN\u201d, de 42 a\u00f1os, por el delito de violencia familiar cometido en perjuicio de una mujer de 41 a\u00f1os.<\/p>\n<p>La investigaci\u00f3n ministerial indica que los hechos ocurrieron el 12 de noviembre de 2025, alrededor de las 21:00 horas, en un domicilio de la colonia Los Naranjos de Hermosillo; donde el imputado se molest\u00f3 por un comentario de la v\u00edctima, la empuj\u00f3 y, cuando ella regres\u00f3 por su celular, la agresi\u00f3n escal\u00f3.<\/p>\n<p>Manuel Alberto \u201cN\u201d comenz\u00f3 a golpear a la v\u00edctima a patadas, la jal\u00f3 del cabello, la arroj\u00f3 al piso y continu\u00f3 pate\u00e1ndola en diferentes partes del cuerpo, incluyendo la cara, costillas, y lleg\u00f3 a pisarle la cabeza y el cuello, mientras la amenazaba.<\/p>\n<p>La v\u00edctima logr\u00f3 levantarse y resguardarse en su autom\u00f3vil, colocando los seguros; sin embargo, el agresor se coloc\u00f3 frente al carro, grit\u00e1ndole que lo atropellara para meterse en problemas; la v\u00edctima pudo marcar al 911, lo que permiti\u00f3 que agentes de polic\u00eda llegaran al lugar, detuvieran al activo y solicitaran una ambulancia para la afectada, quien fue trasladada al hospital para recibir atenci\u00f3n m\u00e9dica por las lesiones presentadas.<\/p>\n<p>Tras ser puesto a disposici\u00f3n ante la autoridad judicial, esta representaci\u00f3n social present\u00f3 datos de prueba contundentes que acreditan la probable responsabilidad del imputado por el citado delito, logrando las resoluciones judiciales ya mencionadas.<\/p>\n<p>La FGJES deja de manifiesto que no escatimar\u00e1 en esfuerzos y recursos legales para llevar ante los tribunales a quien vulnere el derecho de las mujeres a vivir una vida libre de violencia.<\/p>\n","protected":false},"excerpt":{"rendered":"<p>Hermosillo, Sonora, 22 de noviembre de 2025.- La Fiscal\u00eda General de Justicia del Estado de Sonora (FGJES), obtuvo la vinculaci\u00f3n a proceso y la medida cautelar de prisi\u00f3n preventiva justificada contra Manuel Alberto \u201cN\u201d, de 42 a\u00f1os, por el delito de violencia familiar cometido en perjuicio de una mujer de 41 a\u00f1os. La investigaci\u00f3n ministerial [&hellip;]<\/p>\n","protected":false},"author":2,"featured_media":235864,"comment_status":"closed","ping_status":"closed","sticky":false,"template":"","format":"standard","meta":{"footnotes":""},"categories":[12870,178],"tags":[12865,12869],"class_list":["post-235863","post","type-post","status-publish","format-standard","has-post-thumbnail","hentry","category-destacadas","category-local","tag-destacadas","tag-local"],"jetpack_featured_media_url":"https:\/\/rnoticias.com.mx\/Portal\/wp-content\/uploads\/2025\/11\/92be0f59-dd22-4a63-b733-4156a4717f1e.jpeg","amp_enabled":true,"_links":{"self":[{"href":"https:\/\/rnoticias.com.mx\/Portal\/wp-json\/wp\/v2\/posts\/235863","targetHints":{"allow":["GET"]}}],"collection":[{"href":"https:\/\/rnoticias.com.mx\/Portal\/wp-json\/wp\/v2\/posts"}],"about":[{"href":"https:\/\/rnoticias.com.mx\/Portal\/wp-json\/wp\/v2\/types\/post"}],"author":[{"embeddable":true,"href":"https:\/\/rnoticias.com.mx\/Portal\/wp-json\/wp\/v2\/users\/2"}],"replies":[{"embeddable":true,"href":"https:\/\/rnoticias.com.mx\/Portal\/wp-json\/wp\/v2\/comments?post=235863"}],"version-history":[{"count":1,"href":"https:\/\/rnoticias.com.mx\/Portal\/wp-json\/wp\/v2\/posts\/235863\/revisions"}],"predecessor-version":[{"id":235865,"href":"https:\/\/rnoticias.com.mx\/Portal\/wp-json\/wp\/v2\/posts\/235863\/revisions\/235865"}],"wp:featuredmedia":[{"embeddable":true,"href":"https:\/\/rnoticias.com.mx\/Portal\/wp-json\/wp\/v2\/media\/235864"}],"wp:attachment":[{"href":"https:\/\/rnoticias.com.mx\/Portal\/wp-json\/wp\/v2\/media?parent=235863"}],"wp:term":[{"taxonomy":"category","embeddable":true,"href":"https:\/\/rnoticias.com.mx\/Portal\/wp-json\/wp\/v2\/categories?post=235863"},{"taxonomy":"post_tag","embeddable":true,"href":"https:\/\/rnoticias.com.mx\/Portal\/wp-json\/wp\/v2\/tags?post=235863"}],"curies":[{"name":"wp","href":"https:\/\/api.w.org\/{rel}","templated":true}]}}