{"id":235860,"date":"2025-11-22T12:18:40","date_gmt":"2025-11-22T19:18:40","guid":{"rendered":"https:\/\/rnoticias.com.mx\/Portal\/?p=235860"},"modified":"2025-11-22T12:18:40","modified_gmt":"2025-11-22T19:18:40","slug":"fgjes-formula-imputacion-y-obtiene-prision-preventiva-contra-el-monstruo-objetivo-criminal-prioritario","status":"publish","type":"post","link":"https:\/\/rnoticias.com.mx\/Portal\/2025\/11\/22\/fgjes-formula-imputacion-y-obtiene-prision-preventiva-contra-el-monstruo-objetivo-criminal-prioritario\/","title":{"rendered":"FGJES formula imputaci\u00f3n y obtiene prisi\u00f3n preventiva contra \u201cEl Monstruo\u201d objetivo criminal prioritario"},"content":{"rendered":"<p>Hermosillo, Sonora, 22 de noviembre de 2025.- La Fiscal\u00eda General de Justicia del Estado de Sonora (FGJES) formul\u00f3 imputaci\u00f3n en contra de David \u201cN\u201d y\/o Jos\u00e9 Ram\u00f3n \u201cN\u201d, quien responde a los alias de &#8220;El Diablo\u201d, \u201cEl Monstruo\u201d y \u201cComandante Ap\u00e1&#8221;, debido a su probable responsabilidad por los delitos de desaparici\u00f3n cometida por particulares y asociaci\u00f3n delictuosa en perjuicio de Jes\u00fas Arturo \u201cN\u201d, quedando en prisi\u00f3n preventiva justificada.<\/p>\n<p>Al se\u00f1alado, quien es un objetivo prioritario, se le ejecutaron cuatro \u00f3rdenes de aprehensi\u00f3n m\u00e1s por delitos de desaparici\u00f3n, asociaci\u00f3n delictuosa y privaci\u00f3n ilegal de la libertad, ya que se establece, que desempe\u00f1a el rol de jefe de una c\u00e9lula criminal que operaba en la capital del estado.<\/p>\n<p>Su captura tuvo lugar el pasado 19 de noviembre en una acci\u00f3n coordinada entre la Agencia Ministerial de Investigaci\u00f3n Criminal (AMIC), la Secretar\u00eda de la Defensa Nacional (DEFENSA), la Polic\u00eda Estatal de Seguridad P\u00fablica (PESP) y la Polic\u00eda Municipal de Hermosillo en la calle Guadalupe Victoria y Perif\u00e9rico Norte, en la colonia Jes\u00fas Garc\u00eda.<\/p>\n<p>En dicha fecha, \u201cEl Monstruo\u201d, fue asegurado junto a Jes\u00fas Adolfo \u201cN\u201d, de 21 a\u00f1os de edad, y Jos\u00e9 Manuel \u201cN\u201d, de 22 a\u00f1os, cuando circulaban en un veh\u00edculo con reporte de robo, portando tres armas de fuego.<\/p>\n<p>Se determin\u00f3 que el imputado fung\u00eda como l\u00edder de una c\u00e9lula criminal cuyo modus operandi consist\u00eda en el uso de veh\u00edculos con caracter\u00edsticas y equipamiento similar a los empleados por corporaciones policiales, as\u00ed como vestimenta con colores parecidos a los uniformes oficiales para cometer los delitos.<\/p>\n<p>Tras su captura, se inici\u00f3 el proceso en su contra por el primer caso, ya se\u00f1alado, al cual se le sum\u00f3 la ejecuci\u00f3n de otras cuatro \u00f3rdenes de aprehensi\u00f3n por delitos contra la libertad y podr\u00edan sumarse m\u00e1s en las pr\u00f3ximas horas.<\/p>\n<p>Como resultado de la primera audiencia, se formul\u00f3 imputaci\u00f3n por el delito de desaparici\u00f3n cometida por particulares y asociaci\u00f3n delictuosa en concurso real de delitos cometido en perjuicio de Jes\u00fas Arturo \u201cN\u201d en el mes de julio del presente a\u00f1o, en la colonia La Metalera, obteniendo la prisi\u00f3n preventiva como medida cautelar, a la espera de que sean los tribunales quienes determinen su situaci\u00f3n jur\u00eddica pasadas las 144 horas del t\u00e9rmino constitucional al que se ha apegado su defensa.<\/p>\n<p>Esta representaci\u00f3n social no escatimar\u00e1 en recursos para demostrar la responsabilidad del se\u00f1alado por los delitos que se le imputan, buscando siempre justicia para las v\u00edctimas y penas ejemplares para quienes atenten contra la vida de los ciudadanos.<\/p>\n","protected":false},"excerpt":{"rendered":"<p>Hermosillo, Sonora, 22 de noviembre de 2025.- La Fiscal\u00eda General de Justicia del Estado de Sonora (FGJES) formul\u00f3 imputaci\u00f3n en contra de David \u201cN\u201d y\/o Jos\u00e9 Ram\u00f3n \u201cN\u201d, quien responde a los alias de &#8220;El Diablo\u201d, \u201cEl Monstruo\u201d y \u201cComandante Ap\u00e1&#8221;, debido a su probable responsabilidad por los delitos de desaparici\u00f3n cometida por particulares y [&hellip;]<\/p>\n","protected":false},"author":2,"featured_media":235861,"comment_status":"closed","ping_status":"closed","sticky":false,"template":"","format":"standard","meta":{"footnotes":""},"categories":[12870,178],"tags":[12865,12869],"class_list":["post-235860","post","type-post","status-publish","format-standard","has-post-thumbnail","hentry","category-destacadas","category-local","tag-destacadas","tag-local"],"jetpack_featured_media_url":"https:\/\/rnoticias.com.mx\/Portal\/wp-content\/uploads\/2025\/11\/e8910ab6-6cdb-45ee-8a41-2f26917df8f3.jpeg","amp_enabled":true,"_links":{"self":[{"href":"https:\/\/rnoticias.com.mx\/Portal\/wp-json\/wp\/v2\/posts\/235860","targetHints":{"allow":["GET"]}}],"collection":[{"href":"https:\/\/rnoticias.com.mx\/Portal\/wp-json\/wp\/v2\/posts"}],"about":[{"href":"https:\/\/rnoticias.com.mx\/Portal\/wp-json\/wp\/v2\/types\/post"}],"author":[{"embeddable":true,"href":"https:\/\/rnoticias.com.mx\/Portal\/wp-json\/wp\/v2\/users\/2"}],"replies":[{"embeddable":true,"href":"https:\/\/rnoticias.com.mx\/Portal\/wp-json\/wp\/v2\/comments?post=235860"}],"version-history":[{"count":1,"href":"https:\/\/rnoticias.com.mx\/Portal\/wp-json\/wp\/v2\/posts\/235860\/revisions"}],"predecessor-version":[{"id":235862,"href":"https:\/\/rnoticias.com.mx\/Portal\/wp-json\/wp\/v2\/posts\/235860\/revisions\/235862"}],"wp:featuredmedia":[{"embeddable":true,"href":"https:\/\/rnoticias.com.mx\/Portal\/wp-json\/wp\/v2\/media\/235861"}],"wp:attachment":[{"href":"https:\/\/rnoticias.com.mx\/Portal\/wp-json\/wp\/v2\/media?parent=235860"}],"wp:term":[{"taxonomy":"category","embeddable":true,"href":"https:\/\/rnoticias.com.mx\/Portal\/wp-json\/wp\/v2\/categories?post=235860"},{"taxonomy":"post_tag","embeddable":true,"href":"https:\/\/rnoticias.com.mx\/Portal\/wp-json\/wp\/v2\/tags?post=235860"}],"curies":[{"name":"wp","href":"https:\/\/api.w.org\/{rel}","templated":true}]}}