{"id":235838,"date":"2025-11-22T10:34:38","date_gmt":"2025-11-22T17:34:38","guid":{"rendered":"https:\/\/rnoticias.com.mx\/Portal\/?p=235838"},"modified":"2025-11-22T10:34:38","modified_gmt":"2025-11-22T17:34:38","slug":"impulsa-diputado-sanluisino-juan-pablo-arenivar-iniciativa-para-que-la-educacion-responda-a-necesidades-reales-del-empleo","status":"publish","type":"post","link":"https:\/\/rnoticias.com.mx\/Portal\/2025\/11\/22\/impulsa-diputado-sanluisino-juan-pablo-arenivar-iniciativa-para-que-la-educacion-responda-a-necesidades-reales-del-empleo\/","title":{"rendered":"Impulsa diputado sanluisino Juan Pablo Arenivar iniciativa para que la educaci\u00f3n responda a necesidades reales del empleo"},"content":{"rendered":"<p>Hermosillo, Sonora; 22 de noviembre de 2025.- El diputado Juan Pablo Arenivar Mart\u00ednez present\u00f3 una iniciativa para que las y los j\u00f3venes puedan estudiar carreras que realmente tengan futuro laboral en sus municipios.<\/p>\n<p>Durante la sesi\u00f3n ordinaria del Congreso de Sonora de este jueves, explic\u00f3 que hoy existe una brecha entre lo que se ense\u00f1a y lo que en verdad necesita cada regi\u00f3n, lo que provoca que muchos j\u00f3venes migren y que los municipios pierdan talento local.<\/p>\n<p>La iniciativa propone crear un Padr\u00f3n Estatal de Oferta Educativa y Laboral, que permita conocer los empleos reales que necesita cada municipio, y establecer Consejos Regionales para vincular directamente a escuelas, gobiernos y empresas.<\/p>\n<p>Arenivar explic\u00f3 que esto permitir\u00e1 que los j\u00f3venes encuentren trabajo donde nacieron, que las familias permanezcan unidas y que municipios como San Luis R\u00edo Colorado cuenten con talento preparado para crecer.<\/p>\n<p>\u201cEn pocas palabras, buscamos que lo que estudien los j\u00f3venes s\u00ed tenga futuro y que las oportunidades se queden en casa\u201d, se\u00f1al\u00f3.<\/p>\n<p>El diputado reiter\u00f3 que el objetivo es claro: m\u00e1s oportunidades locales, menos migraci\u00f3n y un mayor desarrollo para los municipios sonorenses.<\/p>\n<p>La iniciativa fue turnada a la Comisi\u00f3n de Educaci\u00f3n y Cultura, donde el legislador anunci\u00f3 que estar\u00e1 muy atento al proceso.<\/p>\n","protected":false},"excerpt":{"rendered":"<p>Hermosillo, Sonora; 22 de noviembre de 2025.- El diputado Juan Pablo Arenivar Mart\u00ednez present\u00f3 una iniciativa para que las y los j\u00f3venes puedan estudiar carreras que realmente tengan futuro laboral en sus municipios. Durante la sesi\u00f3n ordinaria del Congreso de Sonora de este jueves, explic\u00f3 que hoy existe una brecha entre lo que se ense\u00f1a [&hellip;]<\/p>\n","protected":false},"author":2,"featured_media":235839,"comment_status":"closed","ping_status":"closed","sticky":false,"template":"","format":"standard","meta":{"footnotes":""},"categories":[12870,12868],"tags":[12865,12879],"class_list":["post-235838","post","type-post","status-publish","format-standard","has-post-thumbnail","hentry","category-destacadas","category-politica","tag-destacadas","tag-politica"],"jetpack_featured_media_url":"https:\/\/rnoticias.com.mx\/Portal\/wp-content\/uploads\/2025\/11\/0700455d-87a5-4111-b9d8-b0ec1ad505dc.jpeg","amp_enabled":true,"_links":{"self":[{"href":"https:\/\/rnoticias.com.mx\/Portal\/wp-json\/wp\/v2\/posts\/235838","targetHints":{"allow":["GET"]}}],"collection":[{"href":"https:\/\/rnoticias.com.mx\/Portal\/wp-json\/wp\/v2\/posts"}],"about":[{"href":"https:\/\/rnoticias.com.mx\/Portal\/wp-json\/wp\/v2\/types\/post"}],"author":[{"embeddable":true,"href":"https:\/\/rnoticias.com.mx\/Portal\/wp-json\/wp\/v2\/users\/2"}],"replies":[{"embeddable":true,"href":"https:\/\/rnoticias.com.mx\/Portal\/wp-json\/wp\/v2\/comments?post=235838"}],"version-history":[{"count":1,"href":"https:\/\/rnoticias.com.mx\/Portal\/wp-json\/wp\/v2\/posts\/235838\/revisions"}],"predecessor-version":[{"id":235840,"href":"https:\/\/rnoticias.com.mx\/Portal\/wp-json\/wp\/v2\/posts\/235838\/revisions\/235840"}],"wp:featuredmedia":[{"embeddable":true,"href":"https:\/\/rnoticias.com.mx\/Portal\/wp-json\/wp\/v2\/media\/235839"}],"wp:attachment":[{"href":"https:\/\/rnoticias.com.mx\/Portal\/wp-json\/wp\/v2\/media?parent=235838"}],"wp:term":[{"taxonomy":"category","embeddable":true,"href":"https:\/\/rnoticias.com.mx\/Portal\/wp-json\/wp\/v2\/categories?post=235838"},{"taxonomy":"post_tag","embeddable":true,"href":"https:\/\/rnoticias.com.mx\/Portal\/wp-json\/wp\/v2\/tags?post=235838"}],"curies":[{"name":"wp","href":"https:\/\/api.w.org\/{rel}","templated":true}]}}