{"id":235725,"date":"2025-11-21T09:02:43","date_gmt":"2025-11-21T16:02:43","guid":{"rendered":"https:\/\/rnoticias.com.mx\/Portal\/?p=235725"},"modified":"2025-11-21T09:02:43","modified_gmt":"2025-11-21T16:02:43","slug":"conmemoran-diputados-de-morena-el-115-aniversario-del-inicio-de-la-revolucion-mexicana","status":"publish","type":"post","link":"https:\/\/rnoticias.com.mx\/Portal\/2025\/11\/21\/conmemoran-diputados-de-morena-el-115-aniversario-del-inicio-de-la-revolucion-mexicana\/","title":{"rendered":"Conmemoran diputados de Morena el 115\u00b0 aniversario del Inicio de la Revoluci\u00f3n Mexicana"},"content":{"rendered":"<p>Hermosillo, Sonora; 21 de noviembre de 2025.- En el marco del 115\u00b0 aniversario del inicio de la Revoluci\u00f3n Mexicana, la diputada Mar\u00eda Eduwiges \u201cVicky\u201d Espinoza Tapia expres\u00f3 su reconocimiento a todas las personas que, desde 1910, lucharon por un M\u00e9xico m\u00e1s justo, democr\u00e1tico y equitativo.<\/p>\n<p>La legisladora record\u00f3 que la Revoluci\u00f3n Mexicana surgi\u00f3 como respuesta a d\u00e9cadas de desigualdad, represi\u00f3n y explotaci\u00f3n durante el r\u00e9gimen de Porfirio D\u00edaz, y destac\u00f3 la importancia del papel de figuras hist\u00f3ricas como Francisco I. Madero, Emiliano Zapata y Ricardo Flores Mag\u00f3n, quienes, con su valent\u00eda y compromiso, sentaron las bases de los derechos sociales y pol\u00edticos que hoy son fundamentales para la naci\u00f3n.<\/p>\n<p>Espinoza Tapia subray\u00f3 que esta conmemoraci\u00f3n no solo es un acto de memoria hist\u00f3rica, sino tambi\u00e9n una oportunidad para reafirmar los valores que dieron origen a la Revoluci\u00f3n: justicia social, igualdad, respeto a la soberan\u00eda y gobierno para el pueblo.<\/p>\n<p>Asimismo, la diputada enfatiz\u00f3 que, en la actualidad, M\u00e9xico contin\u00faa construyendo sobre los principios de aquel movimiento, consolidando pol\u00edticas p\u00fablicas que buscan mejorar la vida de las familias, garantizar el acceso a la educaci\u00f3n, la salud, el empleo digno y proteger los derechos de los grupos m\u00e1s vulnerables.<\/p>\n<p>\u201cHoy, a 115 a\u00f1os del inicio de la Revoluci\u00f3n, es importante recordar que la justicia social hoy es un derecho constitucional, fortalecido por las pol\u00edticas gubernamentales de nuestra presidenta Claudia Sheinbaum que buscan la transformaci\u00f3n social, econ\u00f3mica y pol\u00edtica; mejores condiciones laborales y bajo una igualdad sustantiva\u201d, expres\u00f3.<\/p>\n<p>Finalmente, la diputada morenista hizo un llamado a la ciudadan\u00eda a recordar que la Revoluci\u00f3n Mexicana representa un compromiso permanente con la democracia y la justicia, y que cada generaci\u00f3n tiene la responsabilidad de mantener viva la memoria y los ideales que hicieron posible un M\u00e9xico m\u00e1s libre y soberano.<\/p>\n","protected":false},"excerpt":{"rendered":"<p>Hermosillo, Sonora; 21 de noviembre de 2025.- En el marco del 115\u00b0 aniversario del inicio de la Revoluci\u00f3n Mexicana, la diputada Mar\u00eda Eduwiges \u201cVicky\u201d Espinoza Tapia expres\u00f3 su reconocimiento a todas las personas que, desde 1910, lucharon por un M\u00e9xico m\u00e1s justo, democr\u00e1tico y equitativo. La legisladora record\u00f3 que la Revoluci\u00f3n Mexicana surgi\u00f3 como respuesta [&hellip;]<\/p>\n","protected":false},"author":2,"featured_media":235726,"comment_status":"closed","ping_status":"closed","sticky":false,"template":"","format":"standard","meta":{"footnotes":""},"categories":[12868],"tags":[12879],"class_list":["post-235725","post","type-post","status-publish","format-standard","has-post-thumbnail","hentry","category-politica","tag-politica"],"jetpack_featured_media_url":"https:\/\/rnoticias.com.mx\/Portal\/wp-content\/uploads\/2025\/11\/887f58df-116b-4af9-9b5b-6aec1d6523a3.jpeg","amp_enabled":true,"_links":{"self":[{"href":"https:\/\/rnoticias.com.mx\/Portal\/wp-json\/wp\/v2\/posts\/235725","targetHints":{"allow":["GET"]}}],"collection":[{"href":"https:\/\/rnoticias.com.mx\/Portal\/wp-json\/wp\/v2\/posts"}],"about":[{"href":"https:\/\/rnoticias.com.mx\/Portal\/wp-json\/wp\/v2\/types\/post"}],"author":[{"embeddable":true,"href":"https:\/\/rnoticias.com.mx\/Portal\/wp-json\/wp\/v2\/users\/2"}],"replies":[{"embeddable":true,"href":"https:\/\/rnoticias.com.mx\/Portal\/wp-json\/wp\/v2\/comments?post=235725"}],"version-history":[{"count":1,"href":"https:\/\/rnoticias.com.mx\/Portal\/wp-json\/wp\/v2\/posts\/235725\/revisions"}],"predecessor-version":[{"id":235727,"href":"https:\/\/rnoticias.com.mx\/Portal\/wp-json\/wp\/v2\/posts\/235725\/revisions\/235727"}],"wp:featuredmedia":[{"embeddable":true,"href":"https:\/\/rnoticias.com.mx\/Portal\/wp-json\/wp\/v2\/media\/235726"}],"wp:attachment":[{"href":"https:\/\/rnoticias.com.mx\/Portal\/wp-json\/wp\/v2\/media?parent=235725"}],"wp:term":[{"taxonomy":"category","embeddable":true,"href":"https:\/\/rnoticias.com.mx\/Portal\/wp-json\/wp\/v2\/categories?post=235725"},{"taxonomy":"post_tag","embeddable":true,"href":"https:\/\/rnoticias.com.mx\/Portal\/wp-json\/wp\/v2\/tags?post=235725"}],"curies":[{"name":"wp","href":"https:\/\/api.w.org\/{rel}","templated":true}]}}