{"id":235643,"date":"2025-11-20T19:32:52","date_gmt":"2025-11-21T02:32:52","guid":{"rendered":"https:\/\/rnoticias.com.mx\/Portal\/?p=235643"},"modified":"2025-11-20T19:32:52","modified_gmt":"2025-11-21T02:32:52","slug":"proponen-diputados-del-pri-priorizar-becas-para-hijas-e-hijos-de-jornaleros-agricolas-en-sonora","status":"publish","type":"post","link":"https:\/\/rnoticias.com.mx\/Portal\/2025\/11\/20\/proponen-diputados-del-pri-priorizar-becas-para-hijas-e-hijos-de-jornaleros-agricolas-en-sonora\/","title":{"rendered":"Proponen diputados del PRI priorizar becas para hijas e hijos de jornaleros agr\u00edcolas en Sonora"},"content":{"rendered":"<p>Hermosillo, Sonora; 18 de noviembre de 2025.- Los diputados del PRI en el Congreso de Sonora, Iris Fernanda S\u00e1nchez Chiu y Emeterio Ochoa Baz\u00faa, presentaron ante el Pleno una iniciativa para reformar el art\u00edculo 45 de la Ley del Instituto de Becas y Cr\u00e9dito Educativo, con el objetivo de que las hijas e hijos de personas jornaleras agr\u00edcolas sean considerados como grupo prioritario para el acceso a becas educativas en Sonora.<\/p>\n<p>La diputada Iris S\u00e1nchez Chiu expuso que la propuesta busca reconocer la realidad de m\u00e1s de 40 mil jornaleras y jornaleros que trabajan en los campos agr\u00edcolas del estado, muchos de ellos migrantes, ind\u00edgenas o mujeres jefas de familia, cuyos hijos enfrentan rezago escolar, falta de acceso a escuelas y altos costos de transporte y materiales.<\/p>\n<p>\u201cSonora es un estado receptor de mano de obra para las tareas del campo, lo que obliga a muchas familias a venir aqu\u00ed trayendo con ellos a sus hijas e hijos quienes se enfrentan a un entorno de dif\u00edcil acceso a la educaci\u00f3n, por lo que una beca les ayudar\u00eda continuar con sus estudios. El trabajo de las ni\u00f1as y ni\u00f1os est\u00e1 en las escuelas\u201d, subray\u00f3 Iris S\u00e1nchez.<\/p>\n<p>La legisladora priista explic\u00f3 que con esta reforma, las y los menores cuyos padres trabajan en el campo podr\u00e1n ser incluidos dentro del tercer criterio jer\u00e1rquico de selecci\u00f3n de personas becarias, estipulado en el Art\u00edculo 45 de la Ley del Instituto de Becas y Cr\u00e9dito Educativo, junto con estudiantes que habitan en comunidades ind\u00edgenas, rurales o urbanas marginadas.<\/p>\n<p>Con esta iniciativa, los diputados del PRI en el Congreso del Estado buscan que las becas sean un verdadero instrumento de justicia social y movilidad para las familias que sostienen uno de los sectores productivos m\u00e1s importantes de Sonora.<\/p>\n","protected":false},"excerpt":{"rendered":"<p>Hermosillo, Sonora; 18 de noviembre de 2025.- Los diputados del PRI en el Congreso de Sonora, Iris Fernanda S\u00e1nchez Chiu y Emeterio Ochoa Baz\u00faa, presentaron ante el Pleno una iniciativa para reformar el art\u00edculo 45 de la Ley del Instituto de Becas y Cr\u00e9dito Educativo, con el objetivo de que las hijas e hijos de [&hellip;]<\/p>\n","protected":false},"author":2,"featured_media":235644,"comment_status":"closed","ping_status":"closed","sticky":false,"template":"","format":"standard","meta":{"footnotes":""},"categories":[12870,12868],"tags":[12865,12879],"class_list":["post-235643","post","type-post","status-publish","format-standard","has-post-thumbnail","hentry","category-destacadas","category-politica","tag-destacadas","tag-politica"],"jetpack_featured_media_url":"https:\/\/rnoticias.com.mx\/Portal\/wp-content\/uploads\/2025\/11\/35a26993-8875-476a-83f8-c02982a6bf23.jpeg","amp_enabled":true,"_links":{"self":[{"href":"https:\/\/rnoticias.com.mx\/Portal\/wp-json\/wp\/v2\/posts\/235643","targetHints":{"allow":["GET"]}}],"collection":[{"href":"https:\/\/rnoticias.com.mx\/Portal\/wp-json\/wp\/v2\/posts"}],"about":[{"href":"https:\/\/rnoticias.com.mx\/Portal\/wp-json\/wp\/v2\/types\/post"}],"author":[{"embeddable":true,"href":"https:\/\/rnoticias.com.mx\/Portal\/wp-json\/wp\/v2\/users\/2"}],"replies":[{"embeddable":true,"href":"https:\/\/rnoticias.com.mx\/Portal\/wp-json\/wp\/v2\/comments?post=235643"}],"version-history":[{"count":1,"href":"https:\/\/rnoticias.com.mx\/Portal\/wp-json\/wp\/v2\/posts\/235643\/revisions"}],"predecessor-version":[{"id":235645,"href":"https:\/\/rnoticias.com.mx\/Portal\/wp-json\/wp\/v2\/posts\/235643\/revisions\/235645"}],"wp:featuredmedia":[{"embeddable":true,"href":"https:\/\/rnoticias.com.mx\/Portal\/wp-json\/wp\/v2\/media\/235644"}],"wp:attachment":[{"href":"https:\/\/rnoticias.com.mx\/Portal\/wp-json\/wp\/v2\/media?parent=235643"}],"wp:term":[{"taxonomy":"category","embeddable":true,"href":"https:\/\/rnoticias.com.mx\/Portal\/wp-json\/wp\/v2\/categories?post=235643"},{"taxonomy":"post_tag","embeddable":true,"href":"https:\/\/rnoticias.com.mx\/Portal\/wp-json\/wp\/v2\/tags?post=235643"}],"curies":[{"name":"wp","href":"https:\/\/api.w.org\/{rel}","templated":true}]}}