{"id":235600,"date":"2025-11-20T15:33:02","date_gmt":"2025-11-20T22:33:02","guid":{"rendered":"https:\/\/rnoticias.com.mx\/Portal\/?p=235600"},"modified":"2025-11-20T15:33:02","modified_gmt":"2025-11-20T22:33:02","slug":"claudia-sheinbaum-defiende-la-cuarta-transformacion-en-el-desfile-de-la-revolucion-mexicana","status":"publish","type":"post","link":"https:\/\/rnoticias.com.mx\/Portal\/2025\/11\/20\/claudia-sheinbaum-defiende-la-cuarta-transformacion-en-el-desfile-de-la-revolucion-mexicana\/","title":{"rendered":"Claudia Sheinbaum defiende la Cuarta Transformaci\u00f3n en el desfile de la Revoluci\u00f3n Mexicana"},"content":{"rendered":"<p>La presidenta\u00a0<strong>Claudia Sheinbaum Pardo<\/strong>\u00a0<mark>encabez\u00f3 el desfile c\u00edvico militar conmemorativo del 115 aniversario de la Revoluci\u00f3n Mexicana en la Plaza de la Constituci\u00f3n.<\/mark>\u00a0En su discurso, reafirm\u00f3 la fortaleza de la Cuarta Transformaci\u00f3n, basada en la honestidad, los resultados y el amor al pueblo.<\/p>\n<p><mark>Sheinbaum Pardo envi\u00f3 un mensaje contundente a quienes promueven la violencia o la intervenci\u00f3n extranjera, subrayando que M\u00e9xico avanza por la senda de la honestidad, la paz, la democracia y la justicia<\/mark>, y destac\u00f3 la importancia de la unidad nacional frente a discursos de odio y clasismo.<\/p>\n<p>La mandataria enfatiz\u00f3 que &#8220;El que convoca a la violencia, se equivoca; el que alienta al odio, se equivoca; el que cree que la fuerza sustituye a la justicia, se equivoca; el que convoca una intervenci\u00f3n extranjera, se equivoca; el que piense que ali\u00e1ndose con el exterior tendr\u00e1 fuerza, se equivoca; el que cree que las mujeres somos d\u00e9biles, se equivoca;<mark>\u00a0el que cree que la Transformaci\u00f3n duerme, se equivoca; el que piensa que las campa\u00f1as de calumnias y mentiras hacen mella en el pueblo y en los j\u00f3venes, se equivoca; el que piensa que el pueblo es tonto, se equivoca\u201d.<\/mark><\/p>\n<p>Su pronunciamiento refuerza la convicci\u00f3n de que el poder debe utilizarse para servir y no para someter, destacando que nada detiene al pueblo y al gobierno cuando act\u00faan unidos.<\/p>\n<p>La presidenta remarc\u00f3: \u201cMexicanas y mexicanos: Nuestra historia lo ha demostrado una y otra vez: Cuando caminamos juntos con los principios que nos han guiado, nada nos detiene. M\u00e9xico avanza hoy, m\u00e1s que nunca, con un pueblo con dignidad y con memoria.<\/p>\n<p><mark>M\u00e9xico avanza por la senda de la honestidad, de la paz, de la democracia y de la justicia. \u00a1Que viva la Revoluci\u00f3n Mexicana!\u201d, exhortando a mantener la dignidad nacional.\u00a0<\/mark>Tambi\u00e9n indic\u00f3 que\u00a0<strong>un pueblo que conoce su historia no regresar\u00e1 a periodos de injusticia<\/strong>, rechazando discursos de violencia o imposici\u00f3n.<\/p>\n<p>Sheinbaum afirm\u00f3 que &#8220;Ya no hay imposiciones ni privilegios, hay Constituci\u00f3n, hay democracia y hay un gobierno que escucha, que respeta y que responde a su pueblo, hoy las libertades no solo se otorgan desde arriba, se ejercen desde abajo, desde cada barrio, cada comunidad, desde cada voz que habla con dignidad, porque en M\u00e9xico ya nadie es silenciado, ya nadie es perseguido por pensar distinto y eso es una conquista del pueblo de M\u00e9xico\u201d, enfatizando la expansi\u00f3n de las libertades ciudadanas.<\/p>\n<div class=\"div-pos-7\"><\/div>\n<h2>Aniversario de la Revoluci\u00f3n y el contexto pol\u00edtico actual<\/h2>\n<p><mark>La Presidenta Sheinbaum Pardo evoc\u00f3 las luchas de Francisco I. Madero y los hermanos Flores Mag\u00f3n contra el r\u00e9gimen de Porfirio D\u00edaz, marcado por la explotaci\u00f3n, el racismo y la supresi\u00f3n de libertades.\u00a0<\/mark>Asimismo, inst\u00f3 a recordar el periodo neoliberal.<\/p>\n<p>La Mandataria se\u00f1al\u00f3: &#8220;Quienes hoy reivindican la mano dura, la fuerza por encima de la ley, los que reivindican la ultraderecha o esa libertad que solo disfrutan los privilegiados, no conocen la historia de M\u00e9xico ni a nuestro pueblo. El porfiriato de entonces es al mismo al que quieren convocar ahora: al del despojo, al del exterminio silencioso, al de la esclavitud, al de una prensa callada, al de una paz impuesta. Tampoco hay que olvidar el periodo previo al de la\u00a0<strong>actual Transformaci\u00f3n<\/strong>: 36 a\u00f1os de regresiones, pobreza, desigualdad, corrupci\u00f3n y privilegios; el periodo neoliberal\u201d, subrayando la importancia de la memoria hist\u00f3rica para evitar repetir errores.<\/p>\n<p><mark>Puntualiz\u00f3 que las transformaciones de M\u00e9xico (Independencia, Reforma, Revoluci\u00f3n) fueron armadas, mientras que la Cuarta Transformaci\u00f3n, iniciada en 2018<\/mark>, es pac\u00edfica y busca reivindicar la justicia, libertad, democracia y prosperidad compartida.<\/p>\n<p>Sheinbaum afirm\u00f3: \u201c\u00a1M\u00e9xico no volver\u00e1 a caminar hacia atr\u00e1s! La paz y la tranquilidad son fruto de la justicia\u201d, reiterando el compromiso con el avance del pa\u00eds y el bienestar social.<\/p>\n<p><mark>El evento protocolario incluy\u00f3 el izamiento de la bandera monumental y la revista a las tropas, con la presencia del general Ricardo Trevilla Trejo<\/mark>,\u00a0<strong>secretario de la Defensa Nacional<\/strong>, y el almirante Raymundo Pedro Morales \u00c1ngeles,\u00a0<strong>secretario de Marina<\/strong>.<\/p>\n<p><mark>La conmemoraci\u00f3n tambi\u00e9n present\u00f3 una declamaci\u00f3n por cadetes del Heroico Colegio Militar y una escenificaci\u00f3n de la Revoluci\u00f3n Mexicana por elementos del Ej\u00e9rcito, Fuerza A\u00e9rea y Guardia Nacional.<\/mark><\/p>\n<p>El general Ricardo Trevilla Trejo reafirm\u00f3 el compromiso de las Fuerzas Armadas con la patria y el pueblo, destacando la Revoluci\u00f3n Mexicana como pilar de la identidad nacional. El general Juan Jos\u00e9 G\u00f3mez Ruiz rindi\u00f3 el parte de novedades, reportando la participaci\u00f3n de diversos contingentes y que el desfile concluy\u00f3 &#8220;Sin novedad&#8221;.<\/p>\n","protected":false},"excerpt":{"rendered":"<p>La presidenta\u00a0Claudia Sheinbaum Pardo\u00a0encabez\u00f3 el desfile c\u00edvico militar conmemorativo del 115 aniversario de la Revoluci\u00f3n Mexicana en la Plaza de la Constituci\u00f3n.\u00a0En su discurso, reafirm\u00f3 la fortaleza de la Cuarta Transformaci\u00f3n, basada en la honestidad, los resultados y el amor al pueblo. Sheinbaum Pardo envi\u00f3 un mensaje contundente a quienes promueven la violencia o la [&hellip;]<\/p>\n","protected":false},"author":2,"featured_media":235601,"comment_status":"closed","ping_status":"closed","sticky":false,"template":"","format":"standard","meta":{"footnotes":""},"categories":[12870,12868],"tags":[12865,12879],"class_list":["post-235600","post","type-post","status-publish","format-standard","has-post-thumbnail","hentry","category-destacadas","category-politica","tag-destacadas","tag-politica"],"jetpack_featured_media_url":"https:\/\/rnoticias.com.mx\/Portal\/wp-content\/uploads\/2025\/11\/claudia-sheinbaum-p-140237-1024x576-1.jpg","amp_enabled":true,"_links":{"self":[{"href":"https:\/\/rnoticias.com.mx\/Portal\/wp-json\/wp\/v2\/posts\/235600","targetHints":{"allow":["GET"]}}],"collection":[{"href":"https:\/\/rnoticias.com.mx\/Portal\/wp-json\/wp\/v2\/posts"}],"about":[{"href":"https:\/\/rnoticias.com.mx\/Portal\/wp-json\/wp\/v2\/types\/post"}],"author":[{"embeddable":true,"href":"https:\/\/rnoticias.com.mx\/Portal\/wp-json\/wp\/v2\/users\/2"}],"replies":[{"embeddable":true,"href":"https:\/\/rnoticias.com.mx\/Portal\/wp-json\/wp\/v2\/comments?post=235600"}],"version-history":[{"count":1,"href":"https:\/\/rnoticias.com.mx\/Portal\/wp-json\/wp\/v2\/posts\/235600\/revisions"}],"predecessor-version":[{"id":235602,"href":"https:\/\/rnoticias.com.mx\/Portal\/wp-json\/wp\/v2\/posts\/235600\/revisions\/235602"}],"wp:featuredmedia":[{"embeddable":true,"href":"https:\/\/rnoticias.com.mx\/Portal\/wp-json\/wp\/v2\/media\/235601"}],"wp:attachment":[{"href":"https:\/\/rnoticias.com.mx\/Portal\/wp-json\/wp\/v2\/media?parent=235600"}],"wp:term":[{"taxonomy":"category","embeddable":true,"href":"https:\/\/rnoticias.com.mx\/Portal\/wp-json\/wp\/v2\/categories?post=235600"},{"taxonomy":"post_tag","embeddable":true,"href":"https:\/\/rnoticias.com.mx\/Portal\/wp-json\/wp\/v2\/tags?post=235600"}],"curies":[{"name":"wp","href":"https:\/\/api.w.org\/{rel}","templated":true}]}}