{"id":235597,"date":"2025-11-20T15:30:48","date_gmt":"2025-11-20T22:30:48","guid":{"rendered":"https:\/\/rnoticias.com.mx\/Portal\/?p=235597"},"modified":"2025-11-20T15:30:48","modified_gmt":"2025-11-20T22:30:48","slug":"incendio-obliga-a-evacuar-la-zona-de-negociaciones-de-la-cop30-de-brasil","status":"publish","type":"post","link":"https:\/\/rnoticias.com.mx\/Portal\/2025\/11\/20\/incendio-obliga-a-evacuar-la-zona-de-negociaciones-de-la-cop30-de-brasil\/","title":{"rendered":"Incendio obliga a evacuar la zona de negociaciones de la COP30 de Brasil"},"content":{"rendered":"<p>Un incendio en el recinto donde tienen lugar las negociaciones de la cumbre clim\u00e1tica de la ONU (COP30), en la ciudad de Bel\u00e9m, en Brasil,\u00a0<mark><strong>oblig\u00f3 a evacuar este jueves a todas las personas que se encontraban en el lugar.<\/strong><\/mark><\/p>\n<p><strong>Las llamas se desataron en un punto de la llamada &#8216;Zona Azul&#8217;, administrada y controlada por las Naciones Unidas<\/strong>, y donde se encuentran las salas de reuni\u00f3n y los diversos pabellones de los pa\u00edses y organizaciones internacionales que participan en la cita.<\/p>\n<p><mark><strong>El personal de seguridad r\u00e1pidamente aisl\u00f3 la zona del incendio y orden\u00f3 la evacuaci\u00f3n de las decenas de personas presentes por las salidas de emergencia, lo que gener\u00f3 momentos de tensi\u00f3n.<\/strong><\/mark><\/p>\n<p><strong>Las causas y el origen del incendio a\u00fan son desconocidas, as\u00ed como el alcance de los da\u00f1os o la existencia de posibles v\u00edctimas.<\/strong><\/p>\n<p><strong>La COP30 de Bel\u00e9m encaraba este jueves una pen\u00faltima jornada clave para destrabar las negociaciones sobre adaptaci\u00f3n clim\u00e1tica<\/strong>\u00a0y una serie de hojas de ruta para abandonar los combustibles f\u00f3siles y acabar con la deforestaci\u00f3n.<\/p>\n<p><mark><strong>Los meses previos a la celebraci\u00f3n de la cumbre estuvieron marcados por los graves problemas log\u00edsticos de Bel\u00e9m,<\/strong><\/mark>\u00a0puerta de entrada a la Amazon\u00eda brasile\u00f1a, debido a la falta de infraestructuras y los altos precios del alojamiento.<\/p>\n","protected":false},"excerpt":{"rendered":"<p>Un incendio en el recinto donde tienen lugar las negociaciones de la cumbre clim\u00e1tica de la ONU (COP30), en la ciudad de Bel\u00e9m, en Brasil,\u00a0oblig\u00f3 a evacuar este jueves a todas las personas que se encontraban en el lugar. Las llamas se desataron en un punto de la llamada &#8216;Zona Azul&#8217;, administrada y controlada por [&hellip;]<\/p>\n","protected":false},"author":2,"featured_media":235598,"comment_status":"closed","ping_status":"closed","sticky":false,"template":"","format":"standard","meta":{"footnotes":""},"categories":[12870,182],"tags":[12865,12871],"class_list":["post-235597","post","type-post","status-publish","format-standard","has-post-thumbnail","hentry","category-destacadas","category-internacional","tag-destacadas","tag-internacional"],"jetpack_featured_media_url":"https:\/\/rnoticias.com.mx\/Portal\/wp-content\/uploads\/2025\/11\/pTM7JKZ.jpeg","amp_enabled":true,"_links":{"self":[{"href":"https:\/\/rnoticias.com.mx\/Portal\/wp-json\/wp\/v2\/posts\/235597","targetHints":{"allow":["GET"]}}],"collection":[{"href":"https:\/\/rnoticias.com.mx\/Portal\/wp-json\/wp\/v2\/posts"}],"about":[{"href":"https:\/\/rnoticias.com.mx\/Portal\/wp-json\/wp\/v2\/types\/post"}],"author":[{"embeddable":true,"href":"https:\/\/rnoticias.com.mx\/Portal\/wp-json\/wp\/v2\/users\/2"}],"replies":[{"embeddable":true,"href":"https:\/\/rnoticias.com.mx\/Portal\/wp-json\/wp\/v2\/comments?post=235597"}],"version-history":[{"count":1,"href":"https:\/\/rnoticias.com.mx\/Portal\/wp-json\/wp\/v2\/posts\/235597\/revisions"}],"predecessor-version":[{"id":235599,"href":"https:\/\/rnoticias.com.mx\/Portal\/wp-json\/wp\/v2\/posts\/235597\/revisions\/235599"}],"wp:featuredmedia":[{"embeddable":true,"href":"https:\/\/rnoticias.com.mx\/Portal\/wp-json\/wp\/v2\/media\/235598"}],"wp:attachment":[{"href":"https:\/\/rnoticias.com.mx\/Portal\/wp-json\/wp\/v2\/media?parent=235597"}],"wp:term":[{"taxonomy":"category","embeddable":true,"href":"https:\/\/rnoticias.com.mx\/Portal\/wp-json\/wp\/v2\/categories?post=235597"},{"taxonomy":"post_tag","embeddable":true,"href":"https:\/\/rnoticias.com.mx\/Portal\/wp-json\/wp\/v2\/tags?post=235597"}],"curies":[{"name":"wp","href":"https:\/\/api.w.org\/{rel}","templated":true}]}}