{"id":235591,"date":"2025-11-20T15:07:45","date_gmt":"2025-11-20T22:07:45","guid":{"rendered":"https:\/\/rnoticias.com.mx\/Portal\/?p=235591"},"modified":"2025-11-20T15:07:45","modified_gmt":"2025-11-20T22:07:45","slug":"cruz-martinez-lanza-contrademanda-a-alicia-villarreal","status":"publish","type":"post","link":"https:\/\/rnoticias.com.mx\/Portal\/2025\/11\/20\/cruz-martinez-lanza-contrademanda-a-alicia-villarreal\/","title":{"rendered":"Cruz Mart\u00ednez lanza contrademanda a Alicia Villarreal"},"content":{"rendered":"<p>Cruz Mart\u00ednez reacciona a su vinculaci\u00f3n a proceso, por el presunto delito de violencia familiar,\u00a0<mark><strong>al afirmar que su equipo legal se est\u00e1 encargando de contrademandar<\/strong><\/mark>\u00a0-por difamaci\u00f3n- a su exesposa, Alicia Villareal, ya que explica que\u00a0<strong>no quiere que su nombre se vea mancillado por las acusaciones<\/strong>\u00a0de la madre de sus dos hijos.<\/p>\n<p>El m\u00fasico fue captado, por medios locales, a su salida de los juzgados en donde se dio a conocer que ser\u00e1 vinculado a proceso, luego de que un juez de control, en Monterrey, as\u00ed lo dictaminar\u00e1.<\/p>\n<p>Pese a que se comenzar\u00e1 con la investigaci\u00f3n con la que las autoridades establecer\u00e1n si hay pruebas suficientes para comprobar su culpabilidad o, en su defecto, las pruebas que demuestren su inocencia,\u00a0<strong>Cruz se mostr\u00f3 satisfecho con la decisi\u00f3n del juez.\u00a0<\/strong>Esto debido a que, si bien, ya est\u00e1 vinculado a proceso por el presunto delito de violencia familiar en tres categor\u00edas distintas; f\u00edsica, psicol\u00f3gica y patrimonial, el productor musical afirma que\u00a0<mark><strong>fue desestimado de los otros dos cargos por los que fue acusado por su exesposa.<\/strong><\/mark><\/p>\n<p>&#8220;De los tres cargos que se han hecho, ya dos est\u00e1n rechazados en su totalidad; intento de feminicidio y robo, ya no existen esos cargos, gracias a Dios y gracias a la ley mexicana, s\u00f3lo queda este cargo (del presunto delito de violencia familiar) y\u00a0<strong>estamos confiados de que los resultados van a ser los mismos<\/strong>&#8220;, dijo al corresponsal de &#8220;Venga la alegr\u00eda&#8221;.<\/p>\n<p>&nbsp;<\/p>\n<h2>Cruz Mart\u00ednez lanza contrademanda por difamaci\u00f3n<\/h2>\n<p>En la espera que las investigaciones favorezcan su situaci\u00f3n jur\u00eddica, Cruz afirm\u00f3 a la prensa que\u00a0<mark><strong>ya se encuentra en el proceso de contrademandar a su ex por difamaci\u00f3n,<\/strong><\/mark>\u00a0explicando que, si lo har\u00e1, es porque s\u00f3lo de esa manera podr\u00e1 limpiar su nombre y su imagen.<\/p>\n<p>&#8220;Desde antes se ha mencionado una demanda internacional por difamaci\u00f3n.\u00a0<strong>No lo hago por venganza ni nada as\u00ed, lo hago por dignidad.<\/strong>\u00a0Mis hijos llevan mi nombre, imag\u00ednate, aqu\u00ed estoy en lucha por defender ese legado, que le pertenece a ellos&#8221;, expres\u00f3.<\/p>\n<p>Pese a las desavenencias con Alicia y el proceso legal que los mantiene confrontados, Mart\u00ednez afirm\u00f3 que\u00a0<mark><strong>prefiere no dar a conocer los motivos por los que se desestimaron los otros dos cargos<\/strong><\/mark>\u00a0por los que ha sido demandado, debido a que desea que en un futuro la relaci\u00f3n familiar, que involucra a sus hijos, no se vea afectada.<\/p>\n<p>&#8220;Mis hijos van a tener hijos y yo siempre voy a querer que puedan visitar a su abuela, \u2018la Abuelita consentida\u2019, por eso no voy a exponer las razones por las que rechazaron dos de los tres cargos&#8221;, ahond\u00f3.<\/p>\n<p>Y si bien, Mart\u00ednez afirm\u00f3 que hubo la desestimaci\u00f3n de dos de los cargos por los que fue juzgado, en la conferencia que Alicia -y sus abogados- ofrecieron este mi\u00e9rcoles 19 de noviembre,\u00a0<mark><strong>negaron que los hechos hayan ocurrido de ese modo<\/strong><\/mark>, afirmando que el m\u00fasico no ha sido absuelto de los presuntos delitos.<\/p>\n<p>&#8220;<strong>No se le absolvi\u00f3 de ning\u00fan delito<\/strong>, no se estableci\u00f3 que no se pudirera dar la tentativa de feminicidio, se abri\u00f3 una investigaci\u00f3n complementaria que tiene una duraci\u00f3n de dos meses&#8221;, dijo uno de los representantes legales de la cantante.<\/p>\n<p>Mientras el proceso contin\u00faa,\u00a0<mark><strong>Cruz tendr\u00e1 que cumplir con tres medidas cautelares:<\/strong><\/mark><\/p>\n<ul>\n<li>Prohibici\u00f3n de acercarse a Alicia Villareal.<\/li>\n<li>Prohibici\u00f3n de acercarse a los lugares que Alicia Villareal frecuenta-<\/li>\n<li>Presentaci\u00f3n peri\u00f3dica quincenal a los juzgados.<\/li>\n<\/ul>\n","protected":false},"excerpt":{"rendered":"<p>Cruz Mart\u00ednez reacciona a su vinculaci\u00f3n a proceso, por el presunto delito de violencia familiar,\u00a0al afirmar que su equipo legal se est\u00e1 encargando de contrademandar\u00a0-por difamaci\u00f3n- a su exesposa, Alicia Villareal, ya que explica que\u00a0no quiere que su nombre se vea mancillado por las acusaciones\u00a0de la madre de sus dos hijos. El m\u00fasico fue captado, [&hellip;]<\/p>\n","protected":false},"author":2,"featured_media":235592,"comment_status":"closed","ping_status":"closed","sticky":false,"template":"","format":"standard","meta":{"footnotes":""},"categories":[12870,219],"tags":[12865,12875],"class_list":["post-235591","post","type-post","status-publish","format-standard","has-post-thumbnail","hentry","category-destacadas","category-espectaculos","tag-destacadas","tag-espectaculos"],"jetpack_featured_media_url":"https:\/\/rnoticias.com.mx\/Portal\/wp-content\/uploads\/2025\/11\/f960x540-634223_708298_5050.webp","amp_enabled":true,"_links":{"self":[{"href":"https:\/\/rnoticias.com.mx\/Portal\/wp-json\/wp\/v2\/posts\/235591","targetHints":{"allow":["GET"]}}],"collection":[{"href":"https:\/\/rnoticias.com.mx\/Portal\/wp-json\/wp\/v2\/posts"}],"about":[{"href":"https:\/\/rnoticias.com.mx\/Portal\/wp-json\/wp\/v2\/types\/post"}],"author":[{"embeddable":true,"href":"https:\/\/rnoticias.com.mx\/Portal\/wp-json\/wp\/v2\/users\/2"}],"replies":[{"embeddable":true,"href":"https:\/\/rnoticias.com.mx\/Portal\/wp-json\/wp\/v2\/comments?post=235591"}],"version-history":[{"count":1,"href":"https:\/\/rnoticias.com.mx\/Portal\/wp-json\/wp\/v2\/posts\/235591\/revisions"}],"predecessor-version":[{"id":235593,"href":"https:\/\/rnoticias.com.mx\/Portal\/wp-json\/wp\/v2\/posts\/235591\/revisions\/235593"}],"wp:featuredmedia":[{"embeddable":true,"href":"https:\/\/rnoticias.com.mx\/Portal\/wp-json\/wp\/v2\/media\/235592"}],"wp:attachment":[{"href":"https:\/\/rnoticias.com.mx\/Portal\/wp-json\/wp\/v2\/media?parent=235591"}],"wp:term":[{"taxonomy":"category","embeddable":true,"href":"https:\/\/rnoticias.com.mx\/Portal\/wp-json\/wp\/v2\/categories?post=235591"},{"taxonomy":"post_tag","embeddable":true,"href":"https:\/\/rnoticias.com.mx\/Portal\/wp-json\/wp\/v2\/tags?post=235591"}],"curies":[{"name":"wp","href":"https:\/\/api.w.org\/{rel}","templated":true}]}}