{"id":235588,"date":"2025-11-20T15:01:31","date_gmt":"2025-11-20T22:01:31","guid":{"rendered":"https:\/\/rnoticias.com.mx\/Portal\/?p=235588"},"modified":"2025-11-20T15:01:31","modified_gmt":"2025-11-20T22:01:31","slug":"realizara-el-trolebus-recorridos-este-fin-de-semana","status":"publish","type":"post","link":"https:\/\/rnoticias.com.mx\/Portal\/2025\/11\/20\/realizara-el-trolebus-recorridos-este-fin-de-semana\/","title":{"rendered":"Realizar\u00e1 el Troleb\u00fas recorridos este fin de semana"},"content":{"rendered":"<p><b data-olk-copy-source=\"MessageBody\">Hermosillo, Sonora; 20 de noviembre, 2025.-<\/b>Contin\u00faan los recorridos cargados de historia que promociona el Gobierno Municipal, con actividades en el Troleb\u00fas, donde las y los asistentes podr\u00e1n conocer m\u00e1s sobre la historia de la ciudad.<\/p>\n<p aria-hidden=\"true\">\n<p>Este fin de semana finaliza el recorrido de &#8220;Lo que la gente cuenta&#8221;, que relata las leyendas que por generaciones han acompa\u00f1ado a la ciudad.<\/p>\n<p aria-hidden=\"true\">\n<p>Los horarios para este recorrido son viernes 21 de noviembre a las 20:00 horas y el s\u00e1bado 22 de noviembre a las 18:30 y 20:00 horas.<\/p>\n<p aria-hidden=\"true\">\n<p>\u201cLo que la gente cuenta\u201d ofrece recorridos en troleb\u00fas con un costo de 85 pesos por persona, llevando a los visitantes al Pante\u00f3n Y\u00e1\u00f1ez para escuchar las voces de personajes como la Dama de Negro y el Monje.<\/p>\n<p aria-hidden=\"true\">\n<p>Adem\u00e1s, estar\u00e1 disponible el &#8220;Recorrido hist\u00f3rico&#8221; este domingo 23 de noviembre en horarios de 18:30 y 20:00 horas.<\/p>\n<p aria-hidden=\"true\">\n<p>Los boletos para los recorridos en troleb\u00fas, que parten de la Plaza Zaragoza, se pueden adquirir en la p\u00e1gina trolebus.hermosillo.gob.mx, o bien obtener m\u00e1s informaci\u00f3n al tel\u00e9fono 662 2909233.<\/p>\n","protected":false},"excerpt":{"rendered":"<p>Hermosillo, Sonora; 20 de noviembre, 2025.-Contin\u00faan los recorridos cargados de historia que promociona el Gobierno Municipal, con actividades en el Troleb\u00fas, donde las y los asistentes podr\u00e1n conocer m\u00e1s sobre la historia de la ciudad. Este fin de semana finaliza el recorrido de &#8220;Lo que la gente cuenta&#8221;, que relata las leyendas que por generaciones [&hellip;]<\/p>\n","protected":false},"author":2,"featured_media":235589,"comment_status":"closed","ping_status":"closed","sticky":false,"template":"","format":"standard","meta":{"footnotes":""},"categories":[12870,178],"tags":[12865,12869],"class_list":["post-235588","post","type-post","status-publish","format-standard","has-post-thumbnail","hentry","category-destacadas","category-local","tag-destacadas","tag-local"],"jetpack_featured_media_url":"https:\/\/rnoticias.com.mx\/Portal\/wp-content\/uploads\/2025\/11\/descarga-15.png","amp_enabled":true,"_links":{"self":[{"href":"https:\/\/rnoticias.com.mx\/Portal\/wp-json\/wp\/v2\/posts\/235588","targetHints":{"allow":["GET"]}}],"collection":[{"href":"https:\/\/rnoticias.com.mx\/Portal\/wp-json\/wp\/v2\/posts"}],"about":[{"href":"https:\/\/rnoticias.com.mx\/Portal\/wp-json\/wp\/v2\/types\/post"}],"author":[{"embeddable":true,"href":"https:\/\/rnoticias.com.mx\/Portal\/wp-json\/wp\/v2\/users\/2"}],"replies":[{"embeddable":true,"href":"https:\/\/rnoticias.com.mx\/Portal\/wp-json\/wp\/v2\/comments?post=235588"}],"version-history":[{"count":1,"href":"https:\/\/rnoticias.com.mx\/Portal\/wp-json\/wp\/v2\/posts\/235588\/revisions"}],"predecessor-version":[{"id":235590,"href":"https:\/\/rnoticias.com.mx\/Portal\/wp-json\/wp\/v2\/posts\/235588\/revisions\/235590"}],"wp:featuredmedia":[{"embeddable":true,"href":"https:\/\/rnoticias.com.mx\/Portal\/wp-json\/wp\/v2\/media\/235589"}],"wp:attachment":[{"href":"https:\/\/rnoticias.com.mx\/Portal\/wp-json\/wp\/v2\/media?parent=235588"}],"wp:term":[{"taxonomy":"category","embeddable":true,"href":"https:\/\/rnoticias.com.mx\/Portal\/wp-json\/wp\/v2\/categories?post=235588"},{"taxonomy":"post_tag","embeddable":true,"href":"https:\/\/rnoticias.com.mx\/Portal\/wp-json\/wp\/v2\/tags?post=235588"}],"curies":[{"name":"wp","href":"https:\/\/api.w.org\/{rel}","templated":true}]}}