{"id":235585,"date":"2025-11-20T14:58:47","date_gmt":"2025-11-20T21:58:47","guid":{"rendered":"https:\/\/rnoticias.com.mx\/Portal\/?p=235585"},"modified":"2025-11-20T14:58:47","modified_gmt":"2025-11-20T21:58:47","slug":"roger-federer-es-incluido-en-el-salon-de-la-fama","status":"publish","type":"post","link":"https:\/\/rnoticias.com.mx\/Portal\/2025\/11\/20\/roger-federer-es-incluido-en-el-salon-de-la-fama\/","title":{"rendered":"Roger Federer es incluido en el Sal\u00f3n de la Fama"},"content":{"rendered":"<p><strong>El suizo\u00a0Roger\u00a0Federer, ganador de 20 Grand\u00a0Slams, ha sido incluido en el Sal\u00f3n de la Fama del tenis.<\/strong><\/p>\n<p>El helv\u00e9tico recibi\u00f3 ayer la noticia por sorpresa en una visita a la federaci\u00f3n de tenis de Suiza en la que comparti\u00f3 el d\u00eda con algunas de las j\u00f3venes promesas del pa\u00eds.<\/p>\n<p><strong>\u201cEs un gran honor ser incluido en el Sal\u00f3n de la Fama del tenis y estar al lado de tantos grandes campeones de la historia de este deporte\u201d, dijo\u00a0Federer.<\/strong>\u00a0\u201cA lo largo de mi carrera siempre he valorado la historia del tenis y el ejemplo que dejaron los que vinieron antes que yo. Ser reconocido de esta manera por el deporte y por mis compa\u00f1eros es algo muy bonito\u201d.<\/p>\n<div class=\" b2\"><\/div>\n<p><strong>La ceremonia tendr\u00e1 lugar el pr\u00f3ximo agosto en la ciudad estadounidense de Newport,<\/strong>\u00a0donde est\u00e1 localizado el Sal\u00f3n de la Fama del tenis.<\/p>\n<p><strong>Federer es el primer miembro del \u201cBig Three\u201d que conforma junto a Rafael Nadal y Novak Djokovic en recibir este honor.<\/strong><\/p>\n<p>A lo largo de su extensa carrera que cerr\u00f3 en 2022, el suizo gan\u00f3 20 Grand Slams, r\u00e9cord hist\u00f3rico en su momento superando a Pete Sampras, acumulando ocho campeonatos en Wimbledon, seis en el Abierto de Australia, cinco en el Abierto de Estados Unidos y uno en el Abierto de Francia, sum\u00f3 310 semanas como n\u00famero uno y gan\u00f3 103 t\u00edtulos, solo por detr\u00e1s de Jimmy Connors, que consigui\u00f3 109.<\/p>\n<p>&nbsp;<\/p>\n<p>Las cifras<\/p>\n<div class=\"div-pos-7\"><\/div>\n<p><strong>20<\/strong>\u00a0Grand Slams ha ganado en toda su carrera.<\/p>\n<p><strong>310<\/strong>\u00a0semanas sum\u00f3 como n\u00famero uno<\/p>\n<p><strong>103<\/strong>\u00a0t\u00edtulos gan\u00f3 en total, solo por detr\u00e1s de Jimmy Connors, que consigui\u00f3 109.<\/p>\n","protected":false},"excerpt":{"rendered":"<p>El suizo\u00a0Roger\u00a0Federer, ganador de 20 Grand\u00a0Slams, ha sido incluido en el Sal\u00f3n de la Fama del tenis. El helv\u00e9tico recibi\u00f3 ayer la noticia por sorpresa en una visita a la federaci\u00f3n de tenis de Suiza en la que comparti\u00f3 el d\u00eda con algunas de las j\u00f3venes promesas del pa\u00eds. \u201cEs un gran honor ser incluido [&hellip;]<\/p>\n","protected":false},"author":2,"featured_media":235586,"comment_status":"closed","ping_status":"closed","sticky":false,"template":"","format":"standard","meta":{"footnotes":""},"categories":[188,12870],"tags":[5231,12865],"class_list":["post-235585","post","type-post","status-publish","format-standard","has-post-thumbnail","hentry","category-deportes","category-destacadas","tag-deportes","tag-destacadas"],"jetpack_featured_media_url":"https:\/\/rnoticias.com.mx\/Portal\/wp-content\/uploads\/2025\/11\/roger-federer-jpg-839681.webp","amp_enabled":true,"_links":{"self":[{"href":"https:\/\/rnoticias.com.mx\/Portal\/wp-json\/wp\/v2\/posts\/235585","targetHints":{"allow":["GET"]}}],"collection":[{"href":"https:\/\/rnoticias.com.mx\/Portal\/wp-json\/wp\/v2\/posts"}],"about":[{"href":"https:\/\/rnoticias.com.mx\/Portal\/wp-json\/wp\/v2\/types\/post"}],"author":[{"embeddable":true,"href":"https:\/\/rnoticias.com.mx\/Portal\/wp-json\/wp\/v2\/users\/2"}],"replies":[{"embeddable":true,"href":"https:\/\/rnoticias.com.mx\/Portal\/wp-json\/wp\/v2\/comments?post=235585"}],"version-history":[{"count":1,"href":"https:\/\/rnoticias.com.mx\/Portal\/wp-json\/wp\/v2\/posts\/235585\/revisions"}],"predecessor-version":[{"id":235587,"href":"https:\/\/rnoticias.com.mx\/Portal\/wp-json\/wp\/v2\/posts\/235585\/revisions\/235587"}],"wp:featuredmedia":[{"embeddable":true,"href":"https:\/\/rnoticias.com.mx\/Portal\/wp-json\/wp\/v2\/media\/235586"}],"wp:attachment":[{"href":"https:\/\/rnoticias.com.mx\/Portal\/wp-json\/wp\/v2\/media?parent=235585"}],"wp:term":[{"taxonomy":"category","embeddable":true,"href":"https:\/\/rnoticias.com.mx\/Portal\/wp-json\/wp\/v2\/categories?post=235585"},{"taxonomy":"post_tag","embeddable":true,"href":"https:\/\/rnoticias.com.mx\/Portal\/wp-json\/wp\/v2\/tags?post=235585"}],"curies":[{"name":"wp","href":"https:\/\/api.w.org\/{rel}","templated":true}]}}