{"id":235535,"date":"2025-11-19T21:14:41","date_gmt":"2025-11-20T04:14:41","guid":{"rendered":"https:\/\/rnoticias.com.mx\/Portal\/?p=235535"},"modified":"2025-11-19T21:14:41","modified_gmt":"2025-11-20T04:14:41","slug":"comercios-de-hermosillo-reportan-ventas-menores-a-lo-esperado-durante-el-buen-fin","status":"publish","type":"post","link":"https:\/\/rnoticias.com.mx\/Portal\/2025\/11\/19\/comercios-de-hermosillo-reportan-ventas-menores-a-lo-esperado-durante-el-buen-fin\/","title":{"rendered":"Comercios de Hermosillo reportan ventas menores a lo esperado durante el Buen Fin"},"content":{"rendered":"<p>El sector comercial de Hermosillo registr\u00f3 resultados por debajo de las expectativas durante la reciente edici\u00f3n del Buen Fin. Aunque se proyectaba un aumento cercano al 20% respecto al a\u00f1o anterior, los establecimientos reportaron ventas similares a 2023 e incluso, en algunos casos, una ligera disminuci\u00f3n, especialmente en el primer cuadro de la ciudad.<\/p>\n<p>&nbsp;<\/p>\n<p>Javier Moreno, presidente de Canaco Hermosillo, explic\u00f3 que la baja respuesta se relaciona principalmente con la fuerte competencia que representan Tucson y otras ciudades de Estados Unidos, donde muchos consumidores realizaron sus compras aprovechando el puente.<\/p>\n<p>&nbsp;<\/p>\n<p>\u201cResultados en la ciudad de Hermosillo, creemos que no subimos\u00a0mucho el porcentaje de ventas, ah\u00ed estaba platicando con algunos comerciantes\u00a0del primer cuadro de la ciudad, y ellos incluso dicen que hasta un poquito m\u00e1s abajo\u00a0de otros a\u00f1os, en otros locales que no est\u00e1n en el mismo\u00a0cuadro de la ciudad, pues se ha reportado que igual, que no fue\u00a0as\u00ed muy positivo, que quedaron muy parejos a lo que era el a\u00f1o pasado\u201d, mencion\u00f3.<\/p>\n<p>&nbsp;<\/p>\n<p>A\u00f1adi\u00f3 que la afluencia al Centro de Hermosillo, tambi\u00e9n se vio afectada por el incidente ocurrido en Waldos, lo que gener\u00f3 mayor cautela entre los compradores. A estos factores se suman la falta de circulante y el incremento de las compras en l\u00ednea, que limitaron el desempe\u00f1o comercial durante la campa\u00f1a.<\/p>\n<p>&nbsp;<\/p>\n","protected":false},"excerpt":{"rendered":"<p>El sector comercial de Hermosillo registr\u00f3 resultados por debajo de las expectativas durante la reciente edici\u00f3n del Buen Fin. Aunque se proyectaba un aumento cercano al 20% respecto al a\u00f1o anterior, los establecimientos reportaron ventas similares a 2023 e incluso, en algunos casos, una ligera disminuci\u00f3n, especialmente en el primer cuadro de la ciudad. &nbsp; [&hellip;]<\/p>\n","protected":false},"author":2,"featured_media":235536,"comment_status":"closed","ping_status":"closed","sticky":false,"template":"","format":"standard","meta":{"footnotes":""},"categories":[12870,178],"tags":[12865,12869],"class_list":["post-235535","post","type-post","status-publish","format-standard","has-post-thumbnail","hentry","category-destacadas","category-local","tag-destacadas","tag-local"],"jetpack_featured_media_url":"https:\/\/rnoticias.com.mx\/Portal\/wp-content\/uploads\/2025\/11\/6513ccff-2ab0-44cb-a54b-622a04e43641.jpeg","amp_enabled":true,"_links":{"self":[{"href":"https:\/\/rnoticias.com.mx\/Portal\/wp-json\/wp\/v2\/posts\/235535","targetHints":{"allow":["GET"]}}],"collection":[{"href":"https:\/\/rnoticias.com.mx\/Portal\/wp-json\/wp\/v2\/posts"}],"about":[{"href":"https:\/\/rnoticias.com.mx\/Portal\/wp-json\/wp\/v2\/types\/post"}],"author":[{"embeddable":true,"href":"https:\/\/rnoticias.com.mx\/Portal\/wp-json\/wp\/v2\/users\/2"}],"replies":[{"embeddable":true,"href":"https:\/\/rnoticias.com.mx\/Portal\/wp-json\/wp\/v2\/comments?post=235535"}],"version-history":[{"count":1,"href":"https:\/\/rnoticias.com.mx\/Portal\/wp-json\/wp\/v2\/posts\/235535\/revisions"}],"predecessor-version":[{"id":235537,"href":"https:\/\/rnoticias.com.mx\/Portal\/wp-json\/wp\/v2\/posts\/235535\/revisions\/235537"}],"wp:featuredmedia":[{"embeddable":true,"href":"https:\/\/rnoticias.com.mx\/Portal\/wp-json\/wp\/v2\/media\/235536"}],"wp:attachment":[{"href":"https:\/\/rnoticias.com.mx\/Portal\/wp-json\/wp\/v2\/media?parent=235535"}],"wp:term":[{"taxonomy":"category","embeddable":true,"href":"https:\/\/rnoticias.com.mx\/Portal\/wp-json\/wp\/v2\/categories?post=235535"},{"taxonomy":"post_tag","embeddable":true,"href":"https:\/\/rnoticias.com.mx\/Portal\/wp-json\/wp\/v2\/tags?post=235535"}],"curies":[{"name":"wp","href":"https:\/\/api.w.org\/{rel}","templated":true}]}}