{"id":235532,"date":"2025-11-19T21:06:12","date_gmt":"2025-11-20T04:06:12","guid":{"rendered":"https:\/\/rnoticias.com.mx\/Portal\/?p=235532"},"modified":"2025-11-19T21:06:12","modified_gmt":"2025-11-20T04:06:12","slug":"con-mayor-presupuesto-gobernador-durazo-redisena-politicas-de-proteccion-civil-para-la-prevencion-inspeccion-y-capacitacion","status":"publish","type":"post","link":"https:\/\/rnoticias.com.mx\/Portal\/2025\/11\/19\/con-mayor-presupuesto-gobernador-durazo-redisena-politicas-de-proteccion-civil-para-la-prevencion-inspeccion-y-capacitacion\/","title":{"rendered":"Con mayor presupuesto, Gobernador Durazo redise\u00f1a pol\u00edticas de Protecci\u00f3n Civil para la prevenci\u00f3n, inspecci\u00f3n y capacitaci\u00f3n"},"content":{"rendered":"<p>Hermosillo, Sonora; 19 de noviembre de 2025.- Para realizar una reestructuraci\u00f3n de la pol\u00edtica de funcionamiento y operaci\u00f3n de Protecci\u00f3n Civil, que contemple acciones de inspecci\u00f3n, prevenci\u00f3n y profesionalizaci\u00f3n, con la participaci\u00f3n de la sociedad civil, el presupuesto para esta dependencia se incrementar\u00e1 de 96 a 152 millones de pesos, inform\u00f3 el gobernador Alfonso Durazo Monta\u00f1o.<\/p>\n<p>Ante los lamentables acontecimientos del 1 de noviembre en la tienda Waldo\u00b4s en Hermosillo, el mandatario detall\u00f3 que se busca un replanteamiento de la estructura de Protecci\u00f3n Civil con la creaci\u00f3n de un nuevo modelo institucional en la materia, teniendo como base la profesionalizaci\u00f3n de su personal, el reforzamiento de los mecanismos de inspecci\u00f3n y el cumplimiento regulatorio que contemple sanciones para quienes incumplan la normatividad.<\/p>\n<p>A\u00f1adi\u00f3 que, ante este acontecimiento, se requiere redise\u00f1ar estructuralmente el funcionamiento del sistema estatal y los sistemas municipales de Protecci\u00f3n Civil para convertirlos en un ejemplar servicio civil de carrera.<\/p>\n<p>\u201cEl fortalecimiento del sistema estatal de Protecci\u00f3n Civil no puede esperar. Con este fin el pasado 13 de noviembre avanzamos en la presentaci\u00f3n del proyecto de Ley de Ingresos y Presupuesto de Egresos ante el Congreso del Estado. En el ejercicio fiscal 2026 estamos proponiendo a las y los legisladores incrementar el gasto de protecci\u00f3n civil, que pasar\u00e1 de 96 millones en 2025 a 152 el pr\u00f3ximo a\u00f1o. Estimo que este es un paso significativo para ampliar las capacidades operativas del \u00e1rea\u201d, indic\u00f3.<\/p>\n<p>El gobernador Durazo Monta\u00f1o mencion\u00f3 que convocar\u00e1 a distintos sectores de la sociedad civil para que participen con su experiencia y propuestas para el redise\u00f1o de la pol\u00edtica de Protecci\u00f3n Civil en la entidad, siendo esta la mayor garant\u00eda a la ciudadan\u00eda de no repetici\u00f3n.<\/p>\n<p>\u201cDesde la responsabilidad p\u00fablica que el pueblo de Sonora me confiri\u00f3, estoy empe\u00f1ado y totalmente comprometido a tomar las acciones que sean necesarias para fortalecer el Sistema de Protecci\u00f3n Civil; por ello les puedo decir: ni impunidad, ni encubrimiento, verdad justicia, reparaci\u00f3n, pero sobre todo no repetici\u00f3n\u201d, se\u00f1al\u00f3.<\/p>\n","protected":false},"excerpt":{"rendered":"<p>Hermosillo, Sonora; 19 de noviembre de 2025.- Para realizar una reestructuraci\u00f3n de la pol\u00edtica de funcionamiento y operaci\u00f3n de Protecci\u00f3n Civil, que contemple acciones de inspecci\u00f3n, prevenci\u00f3n y profesionalizaci\u00f3n, con la participaci\u00f3n de la sociedad civil, el presupuesto para esta dependencia se incrementar\u00e1 de 96 a 152 millones de pesos, inform\u00f3 el gobernador Alfonso Durazo [&hellip;]<\/p>\n","protected":false},"author":2,"featured_media":235533,"comment_status":"closed","ping_status":"closed","sticky":false,"template":"","format":"standard","meta":{"footnotes":""},"categories":[12870,178],"tags":[12865,12869],"class_list":["post-235532","post","type-post","status-publish","format-standard","has-post-thumbnail","hentry","category-destacadas","category-local","tag-destacadas","tag-local"],"jetpack_featured_media_url":"https:\/\/rnoticias.com.mx\/Portal\/wp-content\/uploads\/2025\/11\/unnamed-13.jpg","amp_enabled":true,"_links":{"self":[{"href":"https:\/\/rnoticias.com.mx\/Portal\/wp-json\/wp\/v2\/posts\/235532","targetHints":{"allow":["GET"]}}],"collection":[{"href":"https:\/\/rnoticias.com.mx\/Portal\/wp-json\/wp\/v2\/posts"}],"about":[{"href":"https:\/\/rnoticias.com.mx\/Portal\/wp-json\/wp\/v2\/types\/post"}],"author":[{"embeddable":true,"href":"https:\/\/rnoticias.com.mx\/Portal\/wp-json\/wp\/v2\/users\/2"}],"replies":[{"embeddable":true,"href":"https:\/\/rnoticias.com.mx\/Portal\/wp-json\/wp\/v2\/comments?post=235532"}],"version-history":[{"count":1,"href":"https:\/\/rnoticias.com.mx\/Portal\/wp-json\/wp\/v2\/posts\/235532\/revisions"}],"predecessor-version":[{"id":235534,"href":"https:\/\/rnoticias.com.mx\/Portal\/wp-json\/wp\/v2\/posts\/235532\/revisions\/235534"}],"wp:featuredmedia":[{"embeddable":true,"href":"https:\/\/rnoticias.com.mx\/Portal\/wp-json\/wp\/v2\/media\/235533"}],"wp:attachment":[{"href":"https:\/\/rnoticias.com.mx\/Portal\/wp-json\/wp\/v2\/media?parent=235532"}],"wp:term":[{"taxonomy":"category","embeddable":true,"href":"https:\/\/rnoticias.com.mx\/Portal\/wp-json\/wp\/v2\/categories?post=235532"},{"taxonomy":"post_tag","embeddable":true,"href":"https:\/\/rnoticias.com.mx\/Portal\/wp-json\/wp\/v2\/tags?post=235532"}],"curies":[{"name":"wp","href":"https:\/\/api.w.org\/{rel}","templated":true}]}}