{"id":235454,"date":"2025-11-18T20:43:30","date_gmt":"2025-11-19T03:43:30","guid":{"rendered":"https:\/\/rnoticias.com.mx\/Portal\/?p=235454"},"modified":"2025-11-18T20:43:30","modified_gmt":"2025-11-19T03:43:30","slug":"turna-congreso-de-sonora-iniciativas-en-materia-de-inclusion-justicia-educacion-salud-agua-y-apoyo-al-campo","status":"publish","type":"post","link":"https:\/\/rnoticias.com.mx\/Portal\/2025\/11\/18\/turna-congreso-de-sonora-iniciativas-en-materia-de-inclusion-justicia-educacion-salud-agua-y-apoyo-al-campo\/","title":{"rendered":"Turna Congreso de Sonora iniciativas en materia de inclusi\u00f3n, justicia, educaci\u00f3n, salud, agua y apoyo al campo"},"content":{"rendered":"<p>Hermosillo, Sonora; 18 de noviembre de 2025.- En sesi\u00f3n ordinaria, el Congreso del Estado de Sonora turn\u00f3 a comisiones iniciativas sobre inclusi\u00f3n de personas con talla baja, sanciones por acoso sexual, educaci\u00f3n financiera obligatoria, acceso inclusivo a la salud mental, combate a la venta o distribuci\u00f3n ilegal de agua y apoyo anual a productores de granos b\u00e1sicos.<\/p>\n<p>Al inicio, el diputado Jes\u00fas Manuel Scott S\u00e1nchez (MC) plante\u00f3 fortalecer el marco constitucional local para ofrecer mayor inclusi\u00f3n y respeto a los derechos de las personas con talla baja, mediante su reconocimiento expl\u00edcito, la prohibici\u00f3n de la discriminaci\u00f3n y la creaci\u00f3n de pol\u00edticas p\u00fablicas e infraestructura accesible que aseguren la igualdad de oportunidades.<\/p>\n<p>Por su parte, la diputada Deni Gast\u00e9lum Barreras (Morena) present\u00f3 una reforma al C\u00f3digo Penal que tipifica como delito grave el acoso sexual en espacios p\u00fablicos, con penas de tres a ocho a\u00f1os de prisi\u00f3n por actos como asedio verbal o f\u00edsico, la toma de fotograf\u00edas o videos sin consentimiento, tocamientos, exhibicionismo o persecuci\u00f3n de una persona.<\/p>\n<p>Enseguida, la diputada Elia Sahara Sallard Hern\u00e1ndez (Morena) propuso incorporar la educaci\u00f3n financiera como un eje transversal y obligatorio en todos los niveles educativos en la entidad, desde primaria hasta universidad, con el fin de formar desde la infancia a personas responsables capaces de ahorrar, planificar, invertir y tomar decisiones econ\u00f3micas informadas.<\/p>\n<p>En materia de salud mental, la diputada Jazm\u00edn G\u00f3mez Liz\u00e1rraga (PT) impuls\u00f3 una reforma a la Ley de Salud Mental para que las personas con discapacidad reciban atenci\u00f3n psicol\u00f3gica y psiqui\u00e1trica accesible mediante ajustes razonables, tecnolog\u00edas de apoyo, l\u00edneas telef\u00f3nicas y plataformas digitales inclusivas, as\u00ed como terapias y talleres dise\u00f1ados para sus necesidades, tanto de forma presencial como remota o comunitaria.<\/p>\n<p>La diputada Alejandra L\u00f3pez Noriega present\u00f3 una reforma que clasifica como delitos graves la extracci\u00f3n, venta o distribuci\u00f3n ilegal de agua, incluida la venta mediante pipas sin permiso, el suministro sin desinfecci\u00f3n y cualquier alteraci\u00f3n del flujo destinado a los usuarios, con penas de uno a seis a\u00f1os de prisi\u00f3n seg\u00fan la conducta. La propuesta excluye los casos de necesidad vital o supervivencia y busca proteger el agua como un bien p\u00fablico esencial en un estado afectado por la sequ\u00eda.<\/p>\n<p>Por \u00faltimo, la diputada Ana Gabriela Tapia Fonllem (PRD) propuso que la Ley de Egresos del Estado incluya cada a\u00f1o una partida obligatoria para apoyar a los productores de ma\u00edz, trigo y otros granos b\u00e1sicos de Sonora, destinada a ofrecer seguridad alimentaria, preservar el campo sonorense y proteger una actividad econ\u00f3mica y cultural esencial frente a los vaivenes del mercado y los efectos del cambio clim\u00e1tico.<\/p>\n<p>Las iniciativas se turnaron a las comisiones de Atenci\u00f3n a Grupos Vulnerables de la Sociedad, de Justicia y Derechos Humanos, de Educaci\u00f3n y Cultura, de Salud, del Agua y de Hacienda para su an\u00e1lisis y, en su caso, dictaminaci\u00f3n.<\/p>\n<p>La pr\u00f3xima sesi\u00f3n del Pleno se cit\u00f3 para el jueves 20 de noviembre a las 10:00 horas.<\/p>\n","protected":false},"excerpt":{"rendered":"<p>Hermosillo, Sonora; 18 de noviembre de 2025.- En sesi\u00f3n ordinaria, el Congreso del Estado de Sonora turn\u00f3 a comisiones iniciativas sobre inclusi\u00f3n de personas con talla baja, sanciones por acoso sexual, educaci\u00f3n financiera obligatoria, acceso inclusivo a la salud mental, combate a la venta o distribuci\u00f3n ilegal de agua y apoyo anual a productores de [&hellip;]<\/p>\n","protected":false},"author":2,"featured_media":235455,"comment_status":"closed","ping_status":"closed","sticky":false,"template":"","format":"standard","meta":{"footnotes":""},"categories":[12870,12868],"tags":[12865,12879],"class_list":["post-235454","post","type-post","status-publish","format-standard","has-post-thumbnail","hentry","category-destacadas","category-politica","tag-destacadas","tag-politica"],"jetpack_featured_media_url":"https:\/\/rnoticias.com.mx\/Portal\/wp-content\/uploads\/2025\/11\/4d8744e0-f59b-405d-9f64-a34fb09c6722.jpeg","amp_enabled":true,"_links":{"self":[{"href":"https:\/\/rnoticias.com.mx\/Portal\/wp-json\/wp\/v2\/posts\/235454","targetHints":{"allow":["GET"]}}],"collection":[{"href":"https:\/\/rnoticias.com.mx\/Portal\/wp-json\/wp\/v2\/posts"}],"about":[{"href":"https:\/\/rnoticias.com.mx\/Portal\/wp-json\/wp\/v2\/types\/post"}],"author":[{"embeddable":true,"href":"https:\/\/rnoticias.com.mx\/Portal\/wp-json\/wp\/v2\/users\/2"}],"replies":[{"embeddable":true,"href":"https:\/\/rnoticias.com.mx\/Portal\/wp-json\/wp\/v2\/comments?post=235454"}],"version-history":[{"count":1,"href":"https:\/\/rnoticias.com.mx\/Portal\/wp-json\/wp\/v2\/posts\/235454\/revisions"}],"predecessor-version":[{"id":235456,"href":"https:\/\/rnoticias.com.mx\/Portal\/wp-json\/wp\/v2\/posts\/235454\/revisions\/235456"}],"wp:featuredmedia":[{"embeddable":true,"href":"https:\/\/rnoticias.com.mx\/Portal\/wp-json\/wp\/v2\/media\/235455"}],"wp:attachment":[{"href":"https:\/\/rnoticias.com.mx\/Portal\/wp-json\/wp\/v2\/media?parent=235454"}],"wp:term":[{"taxonomy":"category","embeddable":true,"href":"https:\/\/rnoticias.com.mx\/Portal\/wp-json\/wp\/v2\/categories?post=235454"},{"taxonomy":"post_tag","embeddable":true,"href":"https:\/\/rnoticias.com.mx\/Portal\/wp-json\/wp\/v2\/tags?post=235454"}],"curies":[{"name":"wp","href":"https:\/\/api.w.org\/{rel}","templated":true}]}}