{"id":235438,"date":"2025-11-18T20:31:51","date_gmt":"2025-11-19T03:31:51","guid":{"rendered":"https:\/\/rnoticias.com.mx\/Portal\/?p=235438"},"modified":"2025-11-18T20:31:51","modified_gmt":"2025-11-19T03:31:51","slug":"finalizan-jovenes-itama-cursos-de-capacitacion-para-el-trabajo-impartidos-por-icatson","status":"publish","type":"post","link":"https:\/\/rnoticias.com.mx\/Portal\/2025\/11\/18\/finalizan-jovenes-itama-cursos-de-capacitacion-para-el-trabajo-impartidos-por-icatson\/","title":{"rendered":"Finalizan j\u00f3venes ITAMA cursos de capacitaci\u00f3n para el trabajo impartidos por Icatson"},"content":{"rendered":"<p>Hermosillo, Sonora; 18 de noviembre de 2025.\u2013 Adolescentes en proceso de reinserci\u00f3n social en el Centro Hermosillo dos del ITAMA concluyeron satisfactoriamente tres talleres impartidos durante el tercer trimestre del presente a\u00f1o con el apoyo del Instituto de Capacitaci\u00f3n para el Trabajo del Estado de Sonora (Icatson).<\/p>\n<p>El Instituto de Tratamiento y de Aplicaci\u00f3n de Medidas para Adolescentes (ITAMA) inform\u00f3 que esta acci\u00f3n forma parte del trabajo transversal con Icatson, que permite a las internas adquirir herramientas de utilidad para que, al momento de su egreso, se incorporen a una actividad laboral.<\/p>\n<p>Las j\u00f3venes sujetas a tratamiento en internamiento en el Centro Hermosillo dos aprobaron los talleres correspondientes al tercer trimestre en las \u00e1reas de:<\/p>\n<p>\u2022 Pasteler\u00eda<\/p>\n<p>\u2022 Asistente Educativo<\/p>\n<p>\u2022 Manualidades<\/p>\n<p>De manos de autoridades de Icatson e ITAMA, el grupo de j\u00f3venes recibi\u00f3 su certificado oficial que avala sus estudios, lo que las motiva a continuar prepar\u00e1ndose e incorporarse a una vida laboral al egresar.<\/p>\n<p>Cabe destacar que todo joven que ingresa a un centro del Instituto de Tratamiento y de Aplicaci\u00f3n de Medidas para Adolescentes, participa en actividades acad\u00e9micas, deportivas, culturales, as\u00ed como en talleres de capacitaci\u00f3n en diferentes disciplinas.<\/p>\n","protected":false},"excerpt":{"rendered":"<p>Hermosillo, Sonora; 18 de noviembre de 2025.\u2013 Adolescentes en proceso de reinserci\u00f3n social en el Centro Hermosillo dos del ITAMA concluyeron satisfactoriamente tres talleres impartidos durante el tercer trimestre del presente a\u00f1o con el apoyo del Instituto de Capacitaci\u00f3n para el Trabajo del Estado de Sonora (Icatson). El Instituto de Tratamiento y de Aplicaci\u00f3n de [&hellip;]<\/p>\n","protected":false},"author":2,"featured_media":235439,"comment_status":"closed","ping_status":"closed","sticky":false,"template":"","format":"standard","meta":{"footnotes":""},"categories":[178],"tags":[12869],"class_list":["post-235438","post","type-post","status-publish","format-standard","has-post-thumbnail","hentry","category-local","tag-local"],"jetpack_featured_media_url":"https:\/\/rnoticias.com.mx\/Portal\/wp-content\/uploads\/2025\/11\/unnamed-12.jpg","amp_enabled":true,"_links":{"self":[{"href":"https:\/\/rnoticias.com.mx\/Portal\/wp-json\/wp\/v2\/posts\/235438","targetHints":{"allow":["GET"]}}],"collection":[{"href":"https:\/\/rnoticias.com.mx\/Portal\/wp-json\/wp\/v2\/posts"}],"about":[{"href":"https:\/\/rnoticias.com.mx\/Portal\/wp-json\/wp\/v2\/types\/post"}],"author":[{"embeddable":true,"href":"https:\/\/rnoticias.com.mx\/Portal\/wp-json\/wp\/v2\/users\/2"}],"replies":[{"embeddable":true,"href":"https:\/\/rnoticias.com.mx\/Portal\/wp-json\/wp\/v2\/comments?post=235438"}],"version-history":[{"count":1,"href":"https:\/\/rnoticias.com.mx\/Portal\/wp-json\/wp\/v2\/posts\/235438\/revisions"}],"predecessor-version":[{"id":235440,"href":"https:\/\/rnoticias.com.mx\/Portal\/wp-json\/wp\/v2\/posts\/235438\/revisions\/235440"}],"wp:featuredmedia":[{"embeddable":true,"href":"https:\/\/rnoticias.com.mx\/Portal\/wp-json\/wp\/v2\/media\/235439"}],"wp:attachment":[{"href":"https:\/\/rnoticias.com.mx\/Portal\/wp-json\/wp\/v2\/media?parent=235438"}],"wp:term":[{"taxonomy":"category","embeddable":true,"href":"https:\/\/rnoticias.com.mx\/Portal\/wp-json\/wp\/v2\/categories?post=235438"},{"taxonomy":"post_tag","embeddable":true,"href":"https:\/\/rnoticias.com.mx\/Portal\/wp-json\/wp\/v2\/tags?post=235438"}],"curies":[{"name":"wp","href":"https:\/\/api.w.org\/{rel}","templated":true}]}}