{"id":235373,"date":"2025-11-18T15:38:31","date_gmt":"2025-11-18T22:38:31","guid":{"rendered":"https:\/\/rnoticias.com.mx\/Portal\/?p=235373"},"modified":"2025-11-18T17:18:13","modified_gmt":"2025-11-19T00:18:13","slug":"235373","status":"publish","type":"post","link":"https:\/\/rnoticias.com.mx\/Portal\/2025\/11\/18\/235373\/","title":{"rendered":"Reactivan reforma para recortar jornada laboral"},"content":{"rendered":"<p><strong>La Secretar\u00eda del Trabajo prev\u00e9 entregar en los pr\u00f3ximos d\u00edas al Congreso de la Uni\u00f3n la propuesta de reforma para reducir la jornada laboral de 48 a 40 horas semanales.<\/strong>\u00a0Fuentes legislativas estiman que ser\u00e1 presentada el pr\u00f3ximo 20 de noviembre.<\/p>\n<p>Aunque en San L\u00e1zaro existen al menos 16 iniciativas registradas sobre el tema, la Secretar\u00eda emprendi\u00f3 una ronda de di\u00e1logos nacionales para construir su propia versi\u00f3n. Mientras tanto, acad\u00e9micos, empresarios y legisladores coinciden en que la reforma podr\u00eda traer beneficios sociales relevantes, pero tambi\u00e9n riesgos econ\u00f3micos severos.<\/p>\n<p>Desde el \u00e1mbito acad\u00e9mico, voces como Antonio \u00c1valos, de la Universidad Panamericana, y \u00c1ngel Edoardo Buenrostro, de la Universidad de Guadalajara, subrayan los beneficios de una mayor cantidad de horas de descanso. Aseguran que l<strong>os trabajadores tendr\u00edan m\u00e1s tiempo para convivir con sus familias, invertir en actividades personales o estudiar.\u00a0<\/strong>Esto, dicen, podr\u00eda traducirse en un incremento en la motivaci\u00f3n, mejoras en la salud mental y f\u00edsica.<\/p>\n<div id=\"teads_ad\"><\/div>\n<div class=\"div-pos-2\"><\/div>\n<p>La diputada federal Patricia Mercado, impulsora de una de las iniciativas, a\u00f1ade que no existe evidencia de que jornadas largas generen mayor productividad. Por el contrario, afirma que pa\u00edses con semanas laborales m\u00e1s cortas han logrado incrementos en la eficiencia.<\/p>\n<p>Desde la Comisi\u00f3n del Trabajo en la C\u00e1mara de Diputados, el legislador panista Theodoros Kalionchiz de la Fuente considera que la propuesta es positiva y que\u00a0<strong>el di\u00e1logo con los empresarios debe centrarse en c\u00f3mo evitar que la reducci\u00f3n derive en mayores costos.<\/strong><\/p>\n<p><strong>De acuerdo con la\u00a0Coparmex\u00a0en Jalisco, una reducci\u00f3n inmediata de la jornada provocar\u00eda afectaciones operativas y financieras en 53% de empresas, generando un costo anual estimado de 24 mil 258 millones de pesos.<\/strong><\/p>\n<p>La magnitud del impacto no es menor: la medida involucrar\u00eda a 961 mil 773 trabajadores formales en Jalisco que actualmente laboran m\u00e1s de 40 horas a la semana.<\/p>\n<p>C\u00e9sar de Anda Molina, coordinador del \u00a0Consejo Consultivo para la Innovaci\u00f3n, Crecimiento y Desarrollo Sostenible, advierte que antes de modificar la jornada debe revisarse el salario m\u00ednimo, pues reducir horas sin incrementar la productividad real podr\u00eda elevar los costos laborales y generar distorsiones en sectores ya afectados por la informalidad.<\/p>\n<div class=\"div-pos-7\"><\/div>\n<p>En la misma l\u00ednea, el secretario del Trabajo en Jalisco, Ricardo Barbosa, llama a encontrar un equilibrio que permita mejorar la calidad de vida de los trabajadores sin comprometer la viabilidad econ\u00f3mica de los negocios.\u00a0E<strong>l Gobierno federal ha planteado que la reducci\u00f3n ser\u00eda gradual y culminar\u00eda en 2030.<\/strong><\/p>\n<div><\/div>\n<h4>Pros y contras<\/h4>\n<p><strong>A favor<\/strong><\/p>\n<p>Mayor tiempo de descanso para los trabajadores. Mejora del bienestar y la salud. Potencial aumento de la productividad. Impulso al desarrollo personal y profesional. Y la ampliaci\u00f3n de derechos laborales.<\/p>\n<p><strong>En contra<\/strong><\/p>\n<p>Incremento de los costos laborales y cierre de empresas. Necesidad de ampliar la plantilla. Riesgo de p\u00e9rdidas econ\u00f3micas. Dudas sobre el impacto real en la productividad.<\/p>\n<p>GU\u00cdA<\/p>\n<h4>\u00bfQu\u00e9 plantea la propuesta?<\/h4>\n<p>La Secretar\u00eda del Trabajo y Previsi\u00f3n Social del Gobierno Federal prev\u00e9 entregar en los pr\u00f3ximos d\u00edas la propuesta de reforma para reducir la jornada laboral de 48 a 40 horas a la semana.<\/p>\n<p>Sin embargo, en la C\u00e1mara de Diputados ya hay distintas iniciativas planteadas por las fracciones parlamentarias para reducir las horas de trabajo.<\/p>\n<p>Entre ellas, resalta la propuesta presentada por la bancada de\u00a0<strong>Movimiento Ciudadano<\/strong>\u00a0con la que se reforman las fracciones IV del Apartado A y II del Apartado B del art\u00edculo 123 de la Constituci\u00f3n Mexicana y que especifica que\u00a0<strong>la reforma ser\u00e1 para que haya una semana laboral de 5 d\u00edas con dos d\u00edas de descanso.<\/strong><\/p>\n<p>La iniciativa de MC presenta tres art\u00edculos transitorios, los cuales, refieren que, si se aprobara, el Congreso de la Uni\u00f3n tendr\u00eda un plazo de 180 d\u00edas para emitir las leyes secundarias para la armonizaci\u00f3n de la legislaci\u00f3n correspondiente.<\/p>\n<p>La gradualidad de la reforma ser\u00e1 por dos a\u00f1os, explic\u00f3 la legisladora federal de MC, Patricia Mercado, integrante de la Comisi\u00f3n de Trabajo y Previsi\u00f3n Social de la C\u00e1mara de Diputados.<\/p>\n<p>\u201cNosotros propusimos que fuera una gradualidad de dos a\u00f1os: cuatro horas y cuatro horas para tener ya la jornada de 40 horas con los dos d\u00edas de descanso\u201d, dijo en entrevista.<\/p>\n<p>La reforma establece lo siguiente: \u201cA partir del primer a\u00f1o de la entrada en vigor, las personas trabajadoras laborar\u00e1n media jornada del sexto d\u00eda de trabajo\u201d.<\/p>\n<p>\u201cA partir del segundo a\u00f1o de la entrada en vigor, las personas trabajadoras gozar\u00e1n plenamente de los dos d\u00edas de descanso por cada cinco de trabajo, de conformidad con lo dispuesto en el presente Decreto\u201d.<\/p>\n<p>Hay\u00a0<strong>otra propuesta de la fracci\u00f3n parlamentaria del PT<\/strong>\u00a0que establece una modificaci\u00f3n al art\u00edculo 50 de la Ley Federal del Trabajo que establece que\u00a0<strong>\u201cel trabajador y el patr\u00f3n fijar\u00e1n la duraci\u00f3n de la jornada de trabajo, sin que pueda exceder de cuarenta horas semanales\u201d.<\/strong><\/p>\n<p>La iniciativa propone que la jornada laboral sea de 8 horas al d\u00eda y as\u00ed, se garantice que no exceda las 40 horas semanales: \u201crespetando que no exceda de m\u00e1s de ocho horas diarias ni m\u00e1s de cuarenta horas a la semana\u201d.<\/p>\n<div><\/div>\n<h4>La \u201cRuta por las 40 horas\u201d transita por el Congreso en busca de consensos<\/h4>\n<p>A la espera de que la Secretar\u00eda del Trabajo haga la entrega de su propuesta de reforma para reducir la jornada laboral de 48 a 40 horas,\u00a0<strong>la C\u00e1mara de Diputados ya ha recibido por lo menos 16 iniciativas planteadas por las fracciones parlamentarias para reducir las horas de trabajo en el pa\u00eds.<\/strong><\/p>\n<p>La comisi\u00f3n legislativa ha emprendido una estrategia conocida como la \u201cRuta por las 40 horas\u201d en la que solicitaron sumar opiniones sobre la reforma laboral, incluyendo reuniones de trabajo y cuya estrategia busca concluir con la aprobaci\u00f3n de la iniciativa.<\/p>\n<p>Por lo pronto, dos de sus integrantes est\u00e1n a favor de la propuesta: Patricia Mercado, diputada de Movimiento Ciudadano, y Theodoros Kalionchiz de la Fuente, secretario de la Comisi\u00f3n y diputado de Acci\u00f3n Nacional.<\/p>\n<p>Mercado apuesta por una reforma que beneficie a los trabajadores y que los haga m\u00e1s productivos.<\/p>\n<p><strong>\u201cNo hay ninguna evidencia que trabajar tantas horas nos haga m\u00e1s productivos, todo lo contrario: no hay crecimiento. No est\u00e1 ah\u00ed la soluci\u00f3n a la falta de crecimiento y productividad. Somos de los (pa\u00edses) que trabajamos m\u00e1s horas y de los que menos producimos\u201d.<\/strong><\/p>\n<p><strong>La diputada urge a que la C\u00e1mara de Diputados a aprobar la reforma laboral para que entre 2026 y 2027 se implemente.\u00a0<\/strong><\/p>\n<p>Theodoros Kalionchiz de la Fuente califica la reforma como \u201cmuy buena\u201d y resalt\u00f3 que\u00a0<strong>se ha dialogado con sector empresarial para analizar la mejora de la productividad con la reducci\u00f3n de la jornada laboral, as\u00ed como el pago de las horas extra y el salario m\u00ednimo,<\/strong>\u00a0entre otros puntos que preocupan a los empresarios.<\/p>\n<p>\u201cSe han estado trabajando esos puntos de c\u00f3mo ser productivos que es lo principal. Actualmente contratar una persona ha subido 30% de como se hac\u00eda antes\u201d.<\/p>\n<h4>C\u00e1maras empresariales alertan por afectaciones por reforma laboral<\/h4>\n<p>Las c\u00e1maras empresariales de Jalisco llaman al di\u00e1logo y a considerar posibles afectaciones a las micro, peque\u00f1as o medianas empresas con la implementaci\u00f3n de la jornada laboral de 40 horas.<\/p>\n<p>En primera instancia,\u00a0<strong>la\u00a0Coparmex\u00a0consider\u00f3 que una reducci\u00f3n inmediata de la jornada laboral tendr\u00eda costos para las empresas y estim\u00f3 que el 53% tendr\u00eda afectaci\u00f3n en su operaci\u00f3n y finanzas, por lo que piden que se haga de manera gradual y sin descuidar el desarrollo de las empresas.<\/strong><\/p>\n<p>\u201cHemos se\u00f1alado que la implementaci\u00f3n debe ser viable, especialmente para las micro, peque\u00f1as y medianas empresas, que representan el 95% de las unidades econ\u00f3micas y generan la mayor parte del empleo. Una reducci\u00f3n inmediata tendr\u00eda costos importantes: solo en Jalisco el impacto anual ser\u00eda de alrededor de 24 mil 258 millones de pesos, y 53% de las empresas anticipa afectaciones en su operaci\u00f3n y finanzas\u201d, dijo Ra\u00fal Flores, presidente de Coparmex Jalisco.<\/p>\n<p><strong>A\u00f1adi\u00f3 que sectores como comercio, manufactura y hospitalario, se ver\u00edan especialmente afectados con aumento en n\u00f3mina y primas sabatinas<\/strong>\u00a0y llama a que el Congreso reciba una propuesta completa y t\u00e9cnicamente sustentada.<\/p>\n<p>La Canaco Guadalajara se pronunci\u00f3 y piden que se considere que el 90% de la econom\u00eda del pa\u00eds proviene de las micro, peque\u00f1as y medianas empresas, por lo que se\u00f1alan que generar la reducci\u00f3n de la jornada laboral sin considerar los par\u00e1metros de la productividad podr\u00eda causar un profundo da\u00f1o econ\u00f3mico en las familias mexicanas.<\/p>\n<p><strong>La Canaco tambi\u00e9n hace un llamado por la informalidad que hay, la cual aseguran que rebasa el 50 por ciento del total, lo que implica menos recaudaci\u00f3n para los Gobiernos, competencia desleal para las empresas formales y tambi\u00e9n menos protecci\u00f3n para los trabajadores,\u00a0<\/strong>por lo que piden incentivos.<\/p>\n<p>Industriales Jalisco advierte de implicaciones econ\u00f3micas y operativas para miles de MyPimes, las cuales generan la mayor parte de empleos del pa\u00eds, por lo que piden un di\u00e1logo t\u00e9cnico y participativo para llegar a un consenso con la reforma laboral.<\/p>\n<p>Adem\u00e1s, llaman a otros actores nacionales y congresos locales a evitar acciones que fragmenten el di\u00e1logo ya establecido y no politizar la reforma laboral, llamando a la unidad por parte de todos los sectores de la poblaci\u00f3n.<\/p>\n<p><strong>El pr\u00f3ximo 20 de noviembre el Gobierno Federal mediante la Secretar\u00eda del Trabajo y Previsi\u00f3n Social presentar\u00e1n la iniciativa de reforma para reducir la jornada laboral semanal de 48 a 40 horas.<\/strong><\/p>\n<div><\/div>\n<p>TEL\u00d3N DE FONDO<\/p>\n<h4>Mexicanos, entre los que m\u00e1s horas laborales tienen<\/h4>\n<p>La Organizaci\u00f3n Internacional del Trabajo (OIT) present\u00f3 una nota t\u00e9cnica sobre las horas de trabajo en algunos pa\u00edses del mundo.\u00a0<strong>Am\u00e9rica Latina y el Caribe tienen registro de presentar horas efectivas y habituales de trabajo superior en promedio de forma considerable a la de pa\u00edses de altos ingresos de la OCDE.<\/strong><\/p>\n<p>Seg\u00fan la OIT,\u00a0<strong>M\u00e9xico forma parte del grupo de pa\u00edses cuya jornada laboral est\u00e1 establecida en 48 horas a la semana, misma situaci\u00f3n que en otras naciones latinoamericanas como Argentina, Bolivia, Costa Rica, Guatemala, Nicaragua, Panam\u00e1, Per\u00fa, Paraguay y Uruguay.<\/strong><\/p>\n<p>Colombia y Guatemala son los dos pa\u00edses latinos con m\u00e1s horas trabajadas, les sigue M\u00e9xico con el promedio de 45 horas, aunque las jornadas laborales son de 48 horas. Detr\u00e1s de dichas naciones aparecen Honduras, El Salvador, Per\u00fa, Costa Rica y Paraguay.<\/p>\n<p>La nota t\u00e9cnica de la OIT establece que hay un registro de 44 horas semanales de trabajo en Brasil, El Salvador, Honduras, Rep\u00fablica Dominicana y Venezuela y en 40 horas en Ecuador.<\/p>\n<p><strong>La lista de pa\u00edses con jornadas laborales m\u00e1s largas est\u00e1 encabezada por pa\u00edses asi\u00e1ticos, principalmente la India,<\/strong>\u00a0que es el segundo pa\u00eds m\u00e1s poblado del mundo. All\u00ed, sus trabajadores est\u00e1n expuestos a 56 horas de trabajo semanales, m\u00e1s de 12 que el horario promedio, seg\u00fan la OIT.<\/p>\n<p>But\u00e1n se ubica de segundo en el listado, con un promedio de 53.3 horas por semana; Bangladesh cierra el top 3 con 50.4 horas y en el cuarto puesto se encuentra Uganda con 50.3 horas.<\/p>\n<p><strong>En contraparte, los pa\u00edses que menos horas laborales acumulan son en su mayor\u00eda europeos, apareciendo como primer lugar Pa\u00edses Bajos con 29.8 horas laborales.<\/strong>\u00a0Sorpresivamente le sigue un pa\u00eds africano como Ruanda, el cual tiene 29.9 horas establecidas y otro pa\u00eds asi\u00e1tico, se trata de Irak, que cuenta con un promedio de 31.6 horas.<\/p>\n<p>&nbsp;<\/p>\n<p>Fuente: El Informador<\/p>\n","protected":false},"excerpt":{"rendered":"<p>La Secretar\u00eda del Trabajo prev\u00e9 entregar en los pr\u00f3ximos d\u00edas al Congreso de la Uni\u00f3n la propuesta de reforma para reducir la jornada laboral de 48 a 40 horas semanales.\u00a0Fuentes legislativas estiman que ser\u00e1 presentada el pr\u00f3ximo 20 de noviembre. Aunque en San L\u00e1zaro existen al menos 16 iniciativas registradas sobre el tema, la Secretar\u00eda [&hellip;]<\/p>\n","protected":false},"author":2,"featured_media":235374,"comment_status":"closed","ping_status":"closed","sticky":false,"template":"","format":"standard","meta":{"footnotes":""},"categories":[12870,172],"tags":[12865,12874],"class_list":["post-235373","post","type-post","status-publish","format-standard","has-post-thumbnail","hentry","category-destacadas","category-nacional","tag-destacadas","tag-nacional"],"jetpack_featured_media_url":"https:\/\/rnoticias.com.mx\/Portal\/wp-content\/uploads\/2025\/11\/elevaria-costos-38-recortar-l-259341_1-12105536_20250603151751.webp","amp_enabled":true,"_links":{"self":[{"href":"https:\/\/rnoticias.com.mx\/Portal\/wp-json\/wp\/v2\/posts\/235373","targetHints":{"allow":["GET"]}}],"collection":[{"href":"https:\/\/rnoticias.com.mx\/Portal\/wp-json\/wp\/v2\/posts"}],"about":[{"href":"https:\/\/rnoticias.com.mx\/Portal\/wp-json\/wp\/v2\/types\/post"}],"author":[{"embeddable":true,"href":"https:\/\/rnoticias.com.mx\/Portal\/wp-json\/wp\/v2\/users\/2"}],"replies":[{"embeddable":true,"href":"https:\/\/rnoticias.com.mx\/Portal\/wp-json\/wp\/v2\/comments?post=235373"}],"version-history":[{"count":2,"href":"https:\/\/rnoticias.com.mx\/Portal\/wp-json\/wp\/v2\/posts\/235373\/revisions"}],"predecessor-version":[{"id":235377,"href":"https:\/\/rnoticias.com.mx\/Portal\/wp-json\/wp\/v2\/posts\/235373\/revisions\/235377"}],"wp:featuredmedia":[{"embeddable":true,"href":"https:\/\/rnoticias.com.mx\/Portal\/wp-json\/wp\/v2\/media\/235374"}],"wp:attachment":[{"href":"https:\/\/rnoticias.com.mx\/Portal\/wp-json\/wp\/v2\/media?parent=235373"}],"wp:term":[{"taxonomy":"category","embeddable":true,"href":"https:\/\/rnoticias.com.mx\/Portal\/wp-json\/wp\/v2\/categories?post=235373"},{"taxonomy":"post_tag","embeddable":true,"href":"https:\/\/rnoticias.com.mx\/Portal\/wp-json\/wp\/v2\/tags?post=235373"}],"curies":[{"name":"wp","href":"https:\/\/api.w.org\/{rel}","templated":true}]}}