{"id":235367,"date":"2025-11-18T15:34:51","date_gmt":"2025-11-18T22:34:51","guid":{"rendered":"https:\/\/rnoticias.com.mx\/Portal\/?p=235367"},"modified":"2025-11-18T15:34:51","modified_gmt":"2025-11-18T22:34:51","slug":"maduro-debe-rendir-cuentas-a-venezuela-maria-corina-machado","status":"publish","type":"post","link":"https:\/\/rnoticias.com.mx\/Portal\/2025\/11\/18\/maduro-debe-rendir-cuentas-a-venezuela-maria-corina-machado\/","title":{"rendered":"Maduro &#8220;debe rendir cuentas&#8221; a Venezuela: Mar\u00eda Corina Machado"},"content":{"rendered":"<p>La opositora venezolana y Premio Nobel de la Paz,\u00a0<strong>Mar\u00eda Corina Machado,<\/strong>\u00a0asegur\u00f3 este martes que Venezuela est\u00e1 &#8220;en el umbral de una nueva era&#8221;, en la que el &#8220;largo y violento abuso de poder&#8221; de\u00a0<strong>Nicol\u00e1s Maduro est\u00e1 &#8220;llegando a su fin&#8221;, y pidi\u00f3 juzgar al &#8220;r\u00e9gimen criminal&#8221;.<\/strong><\/p>\n<p>&#8220;Una nueva Venezuela emerge de sus cenizas renovadas en esp\u00edritu y unida en un prop\u00f3sito. Como un ave f\u00e9nix, renacida, feroz, radiante e indetenible&#8221;, dijo la Premio Nobel de la Paz en un video difundido en su cuenta de X con el t\u00edtulo &#8220;Manifiesto de Libertad&#8221; y filmado &#8220;desde alg\u00fan lugar de Venezuela&#8221;, seg\u00fan se asegura en la grabaci\u00f3n.<\/p>\n<p>En el video, de casi quince minutos de duraci\u00f3n, Machado afirm\u00f3 que<i><strong>\u00a0<\/strong><\/i><strong>&#8220;el r\u00e9gimen criminal debe rendir cuentas porque Venezuela solo se levantar\u00e1 plenamente cuando quienes cometieron cr\u00edmenes de lesa humanidad sean juzgados por la ley y por la historia&#8221;.<\/strong><\/p>\n<p><mark><strong>Tambi\u00e9n estim\u00f3 que hay m\u00e1s de 18 mil presos pol\u00edticos y habl\u00f3 de &#8220;asesinados, torturados y desaparecidos&#8221; para pedir que los responsables de estos &#8220;cr\u00edmenes de lesa humanidad&#8221; rindan cuentas.<\/strong><\/mark><\/p>\n<p>&nbsp;<\/p>\n<h2>Por una Venezuela libre<\/h2>\n<p>&#8220;Todos los venezolanos nacen con derechos inalienables otorgados por nuestro Creador, no por los hombres.\u00a0<strong>Ning\u00fan r\u00e9gimen, sistema pol\u00edtico o tiran\u00eda tiene un poder de arrebatarnos lo que es divinamente nuestro<\/strong>&#8220;, enfatiz\u00f3 la opositora a Nicol\u00e1s Maduro.<\/p>\n<p>Adem\u00e1s de prometer que la libertad individual &#8220;alcanzar\u00e1 su plenitud&#8221; en una Venezuela en la que el &#8220;poder&#8221; ser\u00e1 devuelto al pueblo, a los ciudadanos y al sector privado,\u00a0<strong>asegur\u00f3 que la econom\u00eda venezolana &#8220;despegar\u00e1&#8221; y &#8220;triplicar\u00e1&#8221; su tama\u00f1o &#8220;en una d\u00e9cada&#8221; al privatizar las empresas &#8220;tomadas por el estado&#8221; y &#8220;abriendo la explotaci\u00f3n&#8221; de sectores clave como el petr\u00f3leo y el gas.<\/strong><\/p>\n<p>&#8220;Venezuela ser\u00e1 l\u00edder en el hemisferio occidental&#8221;, a\u00f1adi\u00f3 Machado, al tiempo que garantiz\u00f3 que los venezolanos &#8220;alcanzaremos plenamente nuestro potencial&#8221; porque &#8220;la tierra de gracia proteger\u00e1 nuestros derechos inalienables&#8221; ante cualquier &#8220;intento&#8221; de futura &#8220;dictadura&#8221; o &#8220;tiran\u00eda&#8221;.<\/p>\n<p><strong>La opositora detall\u00f3 tambi\u00e9n que esta nueva era debe estar sustentada en la libertad de expresi\u00f3n, el derecho al voto, la libertad de reuni\u00f3n, el derecho a la seguridad y el retorno a casa de los 9 de millones de venezolanos que han salido en los \u00faltimos a\u00f1os.<\/strong><\/p>\n<p>As\u00ed, destac\u00f3 que &#8220;cuando las voces son silenciadas, la corrupci\u00f3n se arraiga y la justicia desaparece. Venezuela va a recuperar su voz en cada pueblo, en cada aula; en cada sala de redacci\u00f3n y espacio digital el pueblo hablar\u00e1 sin miedo a ser perseguido, a censura o a represi\u00f3n&#8221; y pidi\u00f3 que &#8220;las elecciones venezolanas sean s\u00edmbolo de honor, de la soberan\u00eda popular, nunca de la opresi\u00f3n&#8221;.<\/p>\n","protected":false},"excerpt":{"rendered":"<p>La opositora venezolana y Premio Nobel de la Paz,\u00a0Mar\u00eda Corina Machado,\u00a0asegur\u00f3 este martes que Venezuela est\u00e1 &#8220;en el umbral de una nueva era&#8221;, en la que el &#8220;largo y violento abuso de poder&#8221; de\u00a0Nicol\u00e1s Maduro est\u00e1 &#8220;llegando a su fin&#8221;, y pidi\u00f3 juzgar al &#8220;r\u00e9gimen criminal&#8221;. &#8220;Una nueva Venezuela emerge de sus cenizas renovadas en [&hellip;]<\/p>\n","protected":false},"author":2,"featured_media":235368,"comment_status":"closed","ping_status":"closed","sticky":false,"template":"","format":"standard","meta":{"footnotes":""},"categories":[12870,182],"tags":[12865,12871],"class_list":["post-235367","post","type-post","status-publish","format-standard","has-post-thumbnail","hentry","category-destacadas","category-internacional","tag-destacadas","tag-internacional"],"jetpack_featured_media_url":"https:\/\/rnoticias.com.mx\/Portal\/wp-content\/uploads\/2025\/11\/QP6A4OB63RAOBIBBCTM6Q6IJVM.jpg","amp_enabled":true,"_links":{"self":[{"href":"https:\/\/rnoticias.com.mx\/Portal\/wp-json\/wp\/v2\/posts\/235367","targetHints":{"allow":["GET"]}}],"collection":[{"href":"https:\/\/rnoticias.com.mx\/Portal\/wp-json\/wp\/v2\/posts"}],"about":[{"href":"https:\/\/rnoticias.com.mx\/Portal\/wp-json\/wp\/v2\/types\/post"}],"author":[{"embeddable":true,"href":"https:\/\/rnoticias.com.mx\/Portal\/wp-json\/wp\/v2\/users\/2"}],"replies":[{"embeddable":true,"href":"https:\/\/rnoticias.com.mx\/Portal\/wp-json\/wp\/v2\/comments?post=235367"}],"version-history":[{"count":1,"href":"https:\/\/rnoticias.com.mx\/Portal\/wp-json\/wp\/v2\/posts\/235367\/revisions"}],"predecessor-version":[{"id":235369,"href":"https:\/\/rnoticias.com.mx\/Portal\/wp-json\/wp\/v2\/posts\/235367\/revisions\/235369"}],"wp:featuredmedia":[{"embeddable":true,"href":"https:\/\/rnoticias.com.mx\/Portal\/wp-json\/wp\/v2\/media\/235368"}],"wp:attachment":[{"href":"https:\/\/rnoticias.com.mx\/Portal\/wp-json\/wp\/v2\/media?parent=235367"}],"wp:term":[{"taxonomy":"category","embeddable":true,"href":"https:\/\/rnoticias.com.mx\/Portal\/wp-json\/wp\/v2\/categories?post=235367"},{"taxonomy":"post_tag","embeddable":true,"href":"https:\/\/rnoticias.com.mx\/Portal\/wp-json\/wp\/v2\/tags?post=235367"}],"curies":[{"name":"wp","href":"https:\/\/api.w.org\/{rel}","templated":true}]}}