{"id":235361,"date":"2025-11-18T15:25:55","date_gmt":"2025-11-18T22:25:55","guid":{"rendered":"https:\/\/rnoticias.com.mx\/Portal\/?p=235361"},"modified":"2025-11-18T15:25:55","modified_gmt":"2025-11-18T22:25:55","slug":"la-cepc-reporta-pronostico-de-lluvias-descenso-de-temperaturas-y-posibles-nevadas-en-zonas-montanosas","status":"publish","type":"post","link":"https:\/\/rnoticias.com.mx\/Portal\/2025\/11\/18\/la-cepc-reporta-pronostico-de-lluvias-descenso-de-temperaturas-y-posibles-nevadas-en-zonas-montanosas\/","title":{"rendered":"La CEPC reporta pron\u00f3stico de lluvias, descenso de temperaturas y posibles nevadas en zonas monta\u00f1osas"},"content":{"rendered":"<p>Hermosillo, Sonora; 18 de noviembre de 2025.- La Coordinaci\u00f3n Estatal de Protecci\u00f3n Civil (CEPC), informa del pron\u00f3stico de descenso de temperaturas y lluvias en la entidad, as\u00ed como la posible ca\u00edda de agua nieve y nieve en zonas monta\u00f1osas durante esta semana.<\/p>\n<p>Hoy, el Frente Fr\u00edo n\u00famero 15 de la temporada se aproximar\u00e1 al noroeste de la Rep\u00fablica Mexicana. En interacci\u00f3n con una circulaci\u00f3n cicl\u00f3nica en niveles medios y altos de la atm\u00f3sfera, adem\u00e1s de las corrientes en chorro polar y subtropical, originar\u00e1 descenso de temperatura y vientos fuertes.<\/p>\n<p>Tambi\u00e9n se anticipa la probabilidad de chubascos y lluvias fuertes en el noroeste, norte, noreste, centro y oriente de Sonora. Se mantiene la probabilidad de ca\u00edda de nieve y\/o aguanieve sobre las zonas monta\u00f1osas debido a este fen\u00f3meno.<\/p>\n<p>Por otra parte, un nuevo frente fr\u00edo se aproximar\u00e1 e ingresar\u00e1 al noroeste de M\u00e9xico durante ma\u00f1ana mi\u00e9rcoles 19, mismo que se asociar\u00e1 con una vaguada polar y las corrientes en chorro polar y subtropical, ocasionando descenso de temperatura, vientos fuertes, lluvias y chubascos en dicha regi\u00f3n. A su vez, se prev\u00e9 posible ca\u00edda de nieve o aguanieve sobre la sierra, reforzando las condiciones anteriores.<\/p>\n<p>Recuerda, ante cualquier emergencia, marcar a la l\u00ednea telef\u00f3nica 9-1-1.<\/p>\n","protected":false},"excerpt":{"rendered":"<p>Hermosillo, Sonora; 18 de noviembre de 2025.- La Coordinaci\u00f3n Estatal de Protecci\u00f3n Civil (CEPC), informa del pron\u00f3stico de descenso de temperaturas y lluvias en la entidad, as\u00ed como la posible ca\u00edda de agua nieve y nieve en zonas monta\u00f1osas durante esta semana. Hoy, el Frente Fr\u00edo n\u00famero 15 de la temporada se aproximar\u00e1 al noroeste [&hellip;]<\/p>\n","protected":false},"author":2,"featured_media":235362,"comment_status":"closed","ping_status":"closed","sticky":false,"template":"","format":"standard","meta":{"footnotes":""},"categories":[12870,178],"tags":[12865,12869],"class_list":["post-235361","post","type-post","status-publish","format-standard","has-post-thumbnail","hentry","category-destacadas","category-local","tag-destacadas","tag-local"],"jetpack_featured_media_url":"https:\/\/rnoticias.com.mx\/Portal\/wp-content\/uploads\/2025\/11\/unnamed-10.jpg","amp_enabled":true,"_links":{"self":[{"href":"https:\/\/rnoticias.com.mx\/Portal\/wp-json\/wp\/v2\/posts\/235361","targetHints":{"allow":["GET"]}}],"collection":[{"href":"https:\/\/rnoticias.com.mx\/Portal\/wp-json\/wp\/v2\/posts"}],"about":[{"href":"https:\/\/rnoticias.com.mx\/Portal\/wp-json\/wp\/v2\/types\/post"}],"author":[{"embeddable":true,"href":"https:\/\/rnoticias.com.mx\/Portal\/wp-json\/wp\/v2\/users\/2"}],"replies":[{"embeddable":true,"href":"https:\/\/rnoticias.com.mx\/Portal\/wp-json\/wp\/v2\/comments?post=235361"}],"version-history":[{"count":1,"href":"https:\/\/rnoticias.com.mx\/Portal\/wp-json\/wp\/v2\/posts\/235361\/revisions"}],"predecessor-version":[{"id":235363,"href":"https:\/\/rnoticias.com.mx\/Portal\/wp-json\/wp\/v2\/posts\/235361\/revisions\/235363"}],"wp:featuredmedia":[{"embeddable":true,"href":"https:\/\/rnoticias.com.mx\/Portal\/wp-json\/wp\/v2\/media\/235362"}],"wp:attachment":[{"href":"https:\/\/rnoticias.com.mx\/Portal\/wp-json\/wp\/v2\/media?parent=235361"}],"wp:term":[{"taxonomy":"category","embeddable":true,"href":"https:\/\/rnoticias.com.mx\/Portal\/wp-json\/wp\/v2\/categories?post=235361"},{"taxonomy":"post_tag","embeddable":true,"href":"https:\/\/rnoticias.com.mx\/Portal\/wp-json\/wp\/v2\/tags?post=235361"}],"curies":[{"name":"wp","href":"https:\/\/api.w.org\/{rel}","templated":true}]}}