{"id":235352,"date":"2025-11-18T14:47:19","date_gmt":"2025-11-18T21:47:19","guid":{"rendered":"https:\/\/rnoticias.com.mx\/Portal\/?p=235352"},"modified":"2025-11-18T14:47:19","modified_gmt":"2025-11-18T21:47:19","slug":"convocan-a-gestores-y-emprendedores-culturales-a-participar-en-taller-de-industria-musical-del-programa-formarte-iv","status":"publish","type":"post","link":"https:\/\/rnoticias.com.mx\/Portal\/2025\/11\/18\/convocan-a-gestores-y-emprendedores-culturales-a-participar-en-taller-de-industria-musical-del-programa-formarte-iv\/","title":{"rendered":"Convocan a gestores y emprendedores culturales a participar en taller de industria musical del programa FormArte IV"},"content":{"rendered":"<p><b data-olk-copy-source=\"MessageBody\">Hermosillo, Sonora, 18 de noviembre, 2025.-<\/b>\u00a0El Ayuntamiento de Hermosillo, a trav\u00e9s del Instituto Municipal de Cultura y Arte convoca a artistas, integrantes de colectivos, gestores y promotores culturales a participar en el M\u00f3dulo \u201cDel streaming a la identidad: taller de industria musical\u201d, del programa FormArte IV, los d\u00edas 27 y 28 de noviembre y 1 y 2 de diciembre.<\/p>\n<p>El taller tendr\u00e1 como sede la Biblioteca P\u00fablica Municipal \u201cRafael V. Meneses\u201d en la colonia Modelo y ser\u00e1 impartido por Etel Ayvar, fundadora de Las Musas Music, un espacio que nace como editorial musical, posteriormente como sello discogr\u00e1fico y consultor\u00eda para artistas, autores y empresas dedicadas al sector musical y a la cultura.<\/p>\n<p>Marianna Gonz\u00e1lez Gastelum, Directora General del Instituto Municipal de Cultura y Arte coment\u00f3 que el objetivo es ofrecer una mirada al impacto del entorno digital en la creaci\u00f3n y desarrollo de la identidad art\u00edstica.<\/p>\n<p>Agreg\u00f3 que este m\u00f3dulo permitir\u00e1 a las y los participantes adquirir nociones sobre la gesti\u00f3n profesional, los derechos de autor y la estrategia en la industria musical actual.<\/p>\n<p>Las personas interesadas podr\u00e1n registrarse enviando un correo electr\u00f3nico a formarteimca@gmail.com hasta el jueves 27 de noviembre de 2025. El costo de inscripci\u00f3n es de 250 pesos.<\/p>\n<p>Para inscribirse deber\u00e1n enviar un solo documento PDF, identificado con el nombre del participante con la siguiente informaci\u00f3n: nombre completo, semblanza y\/o curr\u00edculum vitae, identificaci\u00f3n oficial vigente, n\u00famero de contacto y redes sociales.<\/p>\n<p>El programa FormArte ha brindado herramientas que contribuyen a la profesionalizaci\u00f3n del trabajo de artistas, colectivos, gestores y promotores culturales.<\/p>\n<p>Mayores informes al tel\u00e9fono: 662 310 6118 y en las redes del Ayuntamiento de Hermosillo y de IMCA, as\u00ed como en la p\u00e1gina: https:\/\/imca.hermosillo.gob.mx<\/p>\n","protected":false},"excerpt":{"rendered":"<p>Hermosillo, Sonora, 18 de noviembre, 2025.-\u00a0El Ayuntamiento de Hermosillo, a trav\u00e9s del Instituto Municipal de Cultura y Arte convoca a artistas, integrantes de colectivos, gestores y promotores culturales a participar en el M\u00f3dulo \u201cDel streaming a la identidad: taller de industria musical\u201d, del programa FormArte IV, los d\u00edas 27 y 28 de noviembre y 1 [&hellip;]<\/p>\n","protected":false},"author":2,"featured_media":235353,"comment_status":"closed","ping_status":"closed","sticky":false,"template":"","format":"standard","meta":{"footnotes":""},"categories":[12870,178],"tags":[12865,12869],"class_list":["post-235352","post","type-post","status-publish","format-standard","has-post-thumbnail","hentry","category-destacadas","category-local","tag-destacadas","tag-local"],"jetpack_featured_media_url":"https:\/\/rnoticias.com.mx\/Portal\/wp-content\/uploads\/2025\/11\/1-3.jpeg","amp_enabled":true,"_links":{"self":[{"href":"https:\/\/rnoticias.com.mx\/Portal\/wp-json\/wp\/v2\/posts\/235352","targetHints":{"allow":["GET"]}}],"collection":[{"href":"https:\/\/rnoticias.com.mx\/Portal\/wp-json\/wp\/v2\/posts"}],"about":[{"href":"https:\/\/rnoticias.com.mx\/Portal\/wp-json\/wp\/v2\/types\/post"}],"author":[{"embeddable":true,"href":"https:\/\/rnoticias.com.mx\/Portal\/wp-json\/wp\/v2\/users\/2"}],"replies":[{"embeddable":true,"href":"https:\/\/rnoticias.com.mx\/Portal\/wp-json\/wp\/v2\/comments?post=235352"}],"version-history":[{"count":1,"href":"https:\/\/rnoticias.com.mx\/Portal\/wp-json\/wp\/v2\/posts\/235352\/revisions"}],"predecessor-version":[{"id":235354,"href":"https:\/\/rnoticias.com.mx\/Portal\/wp-json\/wp\/v2\/posts\/235352\/revisions\/235354"}],"wp:featuredmedia":[{"embeddable":true,"href":"https:\/\/rnoticias.com.mx\/Portal\/wp-json\/wp\/v2\/media\/235353"}],"wp:attachment":[{"href":"https:\/\/rnoticias.com.mx\/Portal\/wp-json\/wp\/v2\/media?parent=235352"}],"wp:term":[{"taxonomy":"category","embeddable":true,"href":"https:\/\/rnoticias.com.mx\/Portal\/wp-json\/wp\/v2\/categories?post=235352"},{"taxonomy":"post_tag","embeddable":true,"href":"https:\/\/rnoticias.com.mx\/Portal\/wp-json\/wp\/v2\/tags?post=235352"}],"curies":[{"name":"wp","href":"https:\/\/api.w.org\/{rel}","templated":true}]}}