{"id":235346,"date":"2025-11-18T14:03:13","date_gmt":"2025-11-18T21:03:13","guid":{"rendered":"https:\/\/rnoticias.com.mx\/Portal\/?p=235346"},"modified":"2025-11-18T14:03:13","modified_gmt":"2025-11-18T21:03:13","slug":"asesinan-a-pedro-gonzalez-rodriguez-excandidato-a-alcaldia-en-veracruz","status":"publish","type":"post","link":"https:\/\/rnoticias.com.mx\/Portal\/2025\/11\/18\/asesinan-a-pedro-gonzalez-rodriguez-excandidato-a-alcaldia-en-veracruz\/","title":{"rendered":"Asesinan a Pedro Gonz\u00e1lez Rodr\u00edguez, excandidato a alcald\u00eda en Veracruz"},"content":{"rendered":"<p>El\u00a0<strong>excandidato a la Alcald\u00eda<\/strong>\u00a0de\u00a0<strong>San Andr\u00e9s Tuxtla<\/strong>, Pedro Gonz\u00e1lez Rodr\u00edguez, fue\u00a0<strong>asesinado<\/strong>\u00a0a tiros este martes en\u00a0<strong>Veracruz<\/strong>, seg\u00fan fuentes policiales, convirti\u00e9ndose en el segundo aspirante ultimado en menos de un mes en este estado.<\/p>\n<p>El pol\u00edtico -quien contendi\u00f3 en 2021 bajo las siglas del partido pol\u00edtico local\u00a0<strong>Todos por Veracruz<\/strong>&#8211; fue atacado a tiros en su domicilio particular ubicado en la comunidad de\u00a0<strong>Villa Comoapan<\/strong>\u00a0del municipio de San Andr\u00e9s Tuxtla, en el sur del estado.<\/p>\n<p>Los\u00a0<strong>sicarios<\/strong>\u00a0dispararon contra la v\u00edctima de 65 a\u00f1os y huyeron del lugar, sin que elementos policiales pudieran dar con su paradero a pesar del fuerte operativo que se mont\u00f3 en el lugar.<\/p>\n<p>La\u00a0<strong>Fiscal\u00eda General del Estado<\/strong>\u00a0inici\u00f3 una investigaci\u00f3n del caso en medio de la indignaci\u00f3n de habitantes de esa regi\u00f3n.<\/p>\n<p>Veracruz ha sufrido una espiral de\u00a0<strong>violencia<\/strong>\u00a0durante el presente a\u00f1o relacionado con la operaci\u00f3n de\u00a0<strong>carteles de la droga<\/strong>\u00a0y organizaciones criminales dedicadas a la extorsi\u00f3n, cobro de piso y secuestro.<\/p>\n<p>&nbsp;<\/p>\n<p>Fuente: EFE<\/p>\n","protected":false},"excerpt":{"rendered":"<p>El\u00a0excandidato a la Alcald\u00eda\u00a0de\u00a0San Andr\u00e9s Tuxtla, Pedro Gonz\u00e1lez Rodr\u00edguez, fue\u00a0asesinado\u00a0a tiros este martes en\u00a0Veracruz, seg\u00fan fuentes policiales, convirti\u00e9ndose en el segundo aspirante ultimado en menos de un mes en este estado. El pol\u00edtico -quien contendi\u00f3 en 2021 bajo las siglas del partido pol\u00edtico local\u00a0Todos por Veracruz&#8211; fue atacado a tiros en su domicilio particular ubicado [&hellip;]<\/p>\n","protected":false},"author":2,"featured_media":235347,"comment_status":"closed","ping_status":"closed","sticky":false,"template":"","format":"standard","meta":{"footnotes":""},"categories":[12870,172],"tags":[12865,12874],"class_list":["post-235346","post","type-post","status-publish","format-standard","has-post-thumbnail","hentry","category-destacadas","category-nacional","tag-destacadas","tag-nacional"],"jetpack_featured_media_url":"https:\/\/rnoticias.com.mx\/Portal\/wp-content\/uploads\/2025\/11\/el-homicidio-de-el-pillica-se-suma-a-una-serie-de-hechos-violentos-registrados-recientemente-en-el-estado-de-veracruz.jpg","amp_enabled":true,"_links":{"self":[{"href":"https:\/\/rnoticias.com.mx\/Portal\/wp-json\/wp\/v2\/posts\/235346","targetHints":{"allow":["GET"]}}],"collection":[{"href":"https:\/\/rnoticias.com.mx\/Portal\/wp-json\/wp\/v2\/posts"}],"about":[{"href":"https:\/\/rnoticias.com.mx\/Portal\/wp-json\/wp\/v2\/types\/post"}],"author":[{"embeddable":true,"href":"https:\/\/rnoticias.com.mx\/Portal\/wp-json\/wp\/v2\/users\/2"}],"replies":[{"embeddable":true,"href":"https:\/\/rnoticias.com.mx\/Portal\/wp-json\/wp\/v2\/comments?post=235346"}],"version-history":[{"count":1,"href":"https:\/\/rnoticias.com.mx\/Portal\/wp-json\/wp\/v2\/posts\/235346\/revisions"}],"predecessor-version":[{"id":235348,"href":"https:\/\/rnoticias.com.mx\/Portal\/wp-json\/wp\/v2\/posts\/235346\/revisions\/235348"}],"wp:featuredmedia":[{"embeddable":true,"href":"https:\/\/rnoticias.com.mx\/Portal\/wp-json\/wp\/v2\/media\/235347"}],"wp:attachment":[{"href":"https:\/\/rnoticias.com.mx\/Portal\/wp-json\/wp\/v2\/media?parent=235346"}],"wp:term":[{"taxonomy":"category","embeddable":true,"href":"https:\/\/rnoticias.com.mx\/Portal\/wp-json\/wp\/v2\/categories?post=235346"},{"taxonomy":"post_tag","embeddable":true,"href":"https:\/\/rnoticias.com.mx\/Portal\/wp-json\/wp\/v2\/tags?post=235346"}],"curies":[{"name":"wp","href":"https:\/\/api.w.org\/{rel}","templated":true}]}}