{"id":235336,"date":"2025-11-18T08:07:03","date_gmt":"2025-11-18T15:07:03","guid":{"rendered":"https:\/\/rnoticias.com.mx\/Portal\/?p=235336"},"modified":"2025-11-18T08:07:03","modified_gmt":"2025-11-18T15:07:03","slug":"identifican-18-casos-de-abuso-y-violencia-de-policias-durante-marcha-generacion-z","status":"publish","type":"post","link":"https:\/\/rnoticias.com.mx\/Portal\/2025\/11\/18\/identifican-18-casos-de-abuso-y-violencia-de-policias-durante-marcha-generacion-z\/","title":{"rendered":"Identifican 18 casos de abuso y violencia de polic\u00edas durante marcha \u2018Generaci\u00f3n Z\u2019"},"content":{"rendered":"<p>La\u00a0<strong>Polic\u00eda de la Ciudad de M\u00e9xico<\/strong>\u00a0inform\u00f3 que se identificaron \u201c<strong>18 incidentes<\/strong>\u00a0potencialmente constitutivos de\u00a0<strong>violaciones<\/strong>\u00a0al protocolo de\u00a0<strong>actuaci\u00f3n policial<\/strong>\u00a0y otras disposiciones legales\u201d, durante los disturbios en la marcha de la\u00a0<strong>Generaci\u00f3n Z<\/strong>, el s\u00e1bado en el Z\u00f3calo.<\/p>\n<p>Pablo V\u00e1zquez Camacho, jefe de la polic\u00eda capitalina afirm\u00f3 que esto incluy\u00f3 episodios de posible\u00a0<strong>uso excesivo de la fuerza<\/strong>, e indic\u00f3 que el personal involucrado ser\u00eda suspendido temporalmente hasta que concluyan las investigaciones. Al respecto, indic\u00f3 que se realizar\u00e1n entrevistas con los polic\u00edas y continuar con las indagatorias.<\/p>\n<p>Adem\u00e1s, V\u00e1zquez se\u00f1al\u00f3 que, de acuerdo con los protocolos de actuaci\u00f3n, la\u00a0<strong>Direcci\u00f3n General de Asuntos Internos<\/strong>\u00a0realiz\u00f3 un an\u00e1lisis de videos, im\u00e1genes e informaci\u00f3n disponible tanto en fuentes abiertas como en los registros de la propia\u00a0<strong>Secretar\u00eda de Seguridad Ciudadana<\/strong>.<\/p>\n<p>Cabe mencionar que desde la marcha del s\u00e1bado se difundieron en medios y redes sociales escenas de presuntos abusos policiales, en las que elementos de la Polic\u00eda golpearon a ciudadanos, aun cuando ya estaban sometidos.<\/p>\n<p>&nbsp;<\/p>\n<p>Fuente: Aristegui noticias<\/p>\n","protected":false},"excerpt":{"rendered":"<p>La\u00a0Polic\u00eda de la Ciudad de M\u00e9xico\u00a0inform\u00f3 que se identificaron \u201c18 incidentes\u00a0potencialmente constitutivos de\u00a0violaciones\u00a0al protocolo de\u00a0actuaci\u00f3n policial\u00a0y otras disposiciones legales\u201d, durante los disturbios en la marcha de la\u00a0Generaci\u00f3n Z, el s\u00e1bado en el Z\u00f3calo. Pablo V\u00e1zquez Camacho, jefe de la polic\u00eda capitalina afirm\u00f3 que esto incluy\u00f3 episodios de posible\u00a0uso excesivo de la fuerza, e indic\u00f3 que [&hellip;]<\/p>\n","protected":false},"author":2,"featured_media":235337,"comment_status":"closed","ping_status":"closed","sticky":false,"template":"","format":"standard","meta":{"footnotes":""},"categories":[12870,172],"tags":[12865,12874],"class_list":["post-235336","post","type-post","status-publish","format-standard","has-post-thumbnail","hentry","category-destacadas","category-nacional","tag-destacadas","tag-nacional"],"jetpack_featured_media_url":"https:\/\/rnoticias.com.mx\/Portal\/wp-content\/uploads\/2025\/11\/Abuso-policial-en-la-marcha-Z-18-detenidos-por-tentativa-de-homicidio-768x554-1.webp","amp_enabled":true,"_links":{"self":[{"href":"https:\/\/rnoticias.com.mx\/Portal\/wp-json\/wp\/v2\/posts\/235336","targetHints":{"allow":["GET"]}}],"collection":[{"href":"https:\/\/rnoticias.com.mx\/Portal\/wp-json\/wp\/v2\/posts"}],"about":[{"href":"https:\/\/rnoticias.com.mx\/Portal\/wp-json\/wp\/v2\/types\/post"}],"author":[{"embeddable":true,"href":"https:\/\/rnoticias.com.mx\/Portal\/wp-json\/wp\/v2\/users\/2"}],"replies":[{"embeddable":true,"href":"https:\/\/rnoticias.com.mx\/Portal\/wp-json\/wp\/v2\/comments?post=235336"}],"version-history":[{"count":1,"href":"https:\/\/rnoticias.com.mx\/Portal\/wp-json\/wp\/v2\/posts\/235336\/revisions"}],"predecessor-version":[{"id":235338,"href":"https:\/\/rnoticias.com.mx\/Portal\/wp-json\/wp\/v2\/posts\/235336\/revisions\/235338"}],"wp:featuredmedia":[{"embeddable":true,"href":"https:\/\/rnoticias.com.mx\/Portal\/wp-json\/wp\/v2\/media\/235337"}],"wp:attachment":[{"href":"https:\/\/rnoticias.com.mx\/Portal\/wp-json\/wp\/v2\/media?parent=235336"}],"wp:term":[{"taxonomy":"category","embeddable":true,"href":"https:\/\/rnoticias.com.mx\/Portal\/wp-json\/wp\/v2\/categories?post=235336"},{"taxonomy":"post_tag","embeddable":true,"href":"https:\/\/rnoticias.com.mx\/Portal\/wp-json\/wp\/v2\/tags?post=235336"}],"curies":[{"name":"wp","href":"https:\/\/api.w.org\/{rel}","templated":true}]}}