{"id":235268,"date":"2025-11-17T19:38:01","date_gmt":"2025-11-18T02:38:01","guid":{"rendered":"https:\/\/rnoticias.com.mx\/Portal\/?p=235268"},"modified":"2025-11-17T19:38:01","modified_gmt":"2025-11-18T02:38:01","slug":"mexico-cede-espacios-del-aicm-a-aerolineas-de-eu","status":"publish","type":"post","link":"https:\/\/rnoticias.com.mx\/Portal\/2025\/11\/17\/mexico-cede-espacios-del-aicm-a-aerolineas-de-eu\/","title":{"rendered":"M\u00e9xico cede espacios del AICM a aerol\u00edneas de EU"},"content":{"rendered":"<p>La Presidenta de M\u00e9xico,\u00a0<a href=\"https:\/\/www.informador.mx\/claudia-sheinbaum-t10826\" target=\"_blank\" rel=\"noopener\"><strong>Claudia Sheinbaum<\/strong><\/a>, anunci\u00f3 este lunes 17 de noviembre un acuerdo entre Mexicana de Aviaci\u00f3n y otras aerol\u00edneas nacionales para ceder algunos horarios de despegue y aterrizaje (slots) en el Aeropuerto Internacional Benito Ju\u00e1rez de Ciudad de M\u00e9xico\u00a0<a href=\"https:\/\/www.informador.mx\/aicm-t1990\" target=\"_blank\" rel=\"noopener\"><strong>(AICM)<\/strong><\/a>\u00a0a compa\u00f1\u00edas a\u00e9reas de Estados Unidos. Esta medida se tom\u00f3 en respuesta a la amenaza de sanciones por parte de Washington debido a la asignaci\u00f3n de vuelos.<\/p>\n<p>El Departamento de Transporte (DOT) de Estados Unidos anunci\u00f3 la revocaci\u00f3n de trece rutas a\u00e9reas operadas por aerol\u00edneas mexicanas con destino a su territorio.\u00a0<strong>La medida, implementada el pasado octubre, se debe a la acusaci\u00f3n de que M\u00e9xico incumpli\u00f3 los t\u00e9rminos del acuerdo bilateral de transporte a\u00e9reo.<\/strong><\/p>\n<div class=\"div-pos-2\"><\/div>\n<h2>Lo que dice Sheinbaum sobre la medida<\/h2>\n<p>La Mandataria explic\u00f3 que el Gobierno de M\u00e9xico sostuvo recientemente una reuni\u00f3n con el Departamento de Transporte de Estados Unidos en la que se insisti\u00f3 en la importancia de que las aerol\u00edneas norteamericanas operen tanto en el AICM como en el Aeropuerto Internacional Felipe \u00c1ngeles (AIFA), como estrategia para equilibrar la carga a\u00e9rea en la regi\u00f3n metropolitana e integrar a los dos aer\u00f3dromos en un solo sistema.<\/p>\n<p><mark><strong>&#8220;La Ciudad de M\u00e9xico tiene dos aeropuertos o la zona metropolitana tiene dos aeropuertos. Y lo que nosotros queremos es que los dos aeropuertos tengan suficientes vuelos y sean parte de un sistema&#8221;<\/strong><\/mark>, afirm\u00f3.<\/p>\n<p>Sheinbaum se\u00f1al\u00f3 que el objetivo no es que un lado &#8220;gane&#8221; operaciones en detrimento del otro, sino que Estados Unidos acepte la importancia de apoyar a ambos.<\/p>\n<p>&#8220;No es un asunto de si es el AIFA contra el Benito Ju\u00e1rez (AICM) (&#8230;), sino el hecho de que es muy importante que ellos reconozcan la importancia de impulsar los dos aeropuertos, tambi\u00e9n con sus l\u00edneas a\u00e9reas estadounidenses&#8221;, destac\u00f3.<\/p>\n<p>La Presidenta confirm\u00f3 que, desde hace semanas, M\u00e9xico aplic\u00f3 una redistribuci\u00f3n de &#8220;slots&#8221;, mediante la cual las aerol\u00edneas mexicanas, incluida Mexicana de Aviaci\u00f3n, seg\u00fan fuentes del sector, cedieron espacios a empresas estadounidenses &#8220;dentro de un marco de competitividad&#8221;.<\/p>\n<p><mark><strong>Sheinbaum anunci\u00f3 la implementaci\u00f3n de un nuevo sistema digital de gesti\u00f3n, operativo a partir de 2026,<\/strong><\/mark>\u00a0con el objetivo de mejorar la transparencia y asegurar una asignaci\u00f3n equitativa.<\/p>\n<p>&#8220;De tal manera que pueda haber suficiente competencia y distribuci\u00f3n en todas las aerol\u00edneas, que son los acuerdos que se tienen firmados con\u00a0<a href=\"https:\/\/www.informador.mx\/estados-unidos-t359\" target=\"_blank\" rel=\"noopener\"><strong>Estados Unidos<\/strong><\/a>\u00a0y con otras aerol\u00edneas de otras partes del mundo&#8221;, dijo.<\/p>\n<p>Sobre cu\u00e1ntos &#8220;slots&#8221; ser\u00e1n devueltos o reasignados, Sheinbaum indic\u00f3 que corresponde al AICM y a la Secretar\u00eda de Infraestructura, Comunicaciones y Transportes informar el n\u00famero definitivo.<\/p>\n<p>&#8220;Es un arreglo interno en el que estuvieron de acuerdo tambi\u00e9n las aerol\u00edneas mexicanas para garantizar la competencia&#8221;, afirm\u00f3.<\/p>\n<p>La Mandataria afirm\u00f3 que las aerol\u00edneas de carga se encuentran satisfechas con el funcionamiento del AIFA, ubicado en las afueras de la capital.<\/p>\n<p><mark><strong>&#8220;Me reun\u00ed con las cargueras personalmente para ver qu\u00e9 les hace falta (&#8230;), en general hay buen ambiente&#8221;,<\/strong><\/mark>\u00a0sostuvo.<\/p>\n","protected":false},"excerpt":{"rendered":"<p>La Presidenta de M\u00e9xico,\u00a0Claudia Sheinbaum, anunci\u00f3 este lunes 17 de noviembre un acuerdo entre Mexicana de Aviaci\u00f3n y otras aerol\u00edneas nacionales para ceder algunos horarios de despegue y aterrizaje (slots) en el Aeropuerto Internacional Benito Ju\u00e1rez de Ciudad de M\u00e9xico\u00a0(AICM)\u00a0a compa\u00f1\u00edas a\u00e9reas de Estados Unidos. Esta medida se tom\u00f3 en respuesta a la amenaza de [&hellip;]<\/p>\n","protected":false},"author":2,"featured_media":235269,"comment_status":"closed","ping_status":"closed","sticky":false,"template":"","format":"standard","meta":{"footnotes":""},"categories":[12870,172],"tags":[12865,12874],"class_list":["post-235268","post","type-post","status-publish","format-standard","has-post-thumbnail","hentry","category-destacadas","category-nacional","tag-destacadas","tag-nacional"],"jetpack_featured_media_url":"https:\/\/rnoticias.com.mx\/Portal\/wp-content\/uploads\/2025\/11\/Gemini_Generated_Image_pq080lpq080lpq08.png","amp_enabled":true,"_links":{"self":[{"href":"https:\/\/rnoticias.com.mx\/Portal\/wp-json\/wp\/v2\/posts\/235268","targetHints":{"allow":["GET"]}}],"collection":[{"href":"https:\/\/rnoticias.com.mx\/Portal\/wp-json\/wp\/v2\/posts"}],"about":[{"href":"https:\/\/rnoticias.com.mx\/Portal\/wp-json\/wp\/v2\/types\/post"}],"author":[{"embeddable":true,"href":"https:\/\/rnoticias.com.mx\/Portal\/wp-json\/wp\/v2\/users\/2"}],"replies":[{"embeddable":true,"href":"https:\/\/rnoticias.com.mx\/Portal\/wp-json\/wp\/v2\/comments?post=235268"}],"version-history":[{"count":1,"href":"https:\/\/rnoticias.com.mx\/Portal\/wp-json\/wp\/v2\/posts\/235268\/revisions"}],"predecessor-version":[{"id":235270,"href":"https:\/\/rnoticias.com.mx\/Portal\/wp-json\/wp\/v2\/posts\/235268\/revisions\/235270"}],"wp:featuredmedia":[{"embeddable":true,"href":"https:\/\/rnoticias.com.mx\/Portal\/wp-json\/wp\/v2\/media\/235269"}],"wp:attachment":[{"href":"https:\/\/rnoticias.com.mx\/Portal\/wp-json\/wp\/v2\/media?parent=235268"}],"wp:term":[{"taxonomy":"category","embeddable":true,"href":"https:\/\/rnoticias.com.mx\/Portal\/wp-json\/wp\/v2\/categories?post=235268"},{"taxonomy":"post_tag","embeddable":true,"href":"https:\/\/rnoticias.com.mx\/Portal\/wp-json\/wp\/v2\/tags?post=235268"}],"curies":[{"name":"wp","href":"https:\/\/api.w.org\/{rel}","templated":true}]}}